{"id":14712,"date":"2020-04-02T22:54:27","date_gmt":"2020-04-03T01:54:27","guid":{"rendered":"https:\/\/guiadenoticias.com.ar\/diario\/?p=14712"},"modified":"2020-04-11T02:21:36","modified_gmt":"2020-04-11T05:21:36","slug":"valenzuela-encabezo-la-mesa-de-coordinacion-por-el-coronavirus","status":"publish","type":"post","link":"https:\/\/guiadenoticias.com.ar\/diario\/valenzuela-encabezo-la-mesa-de-coordinacion-por-el-coronavirus\/","title":{"rendered":"Valenzuela encabez\u00f3 la Mesa de Coordinaci\u00f3n por el coronavirus"},"content":{"rendered":"<p>El intendente de Tres de Febrero, Diego Valenzuela, conform\u00f3 una Mesa de Coordinaci\u00f3n con funcionarios de la Municipalidad y concejales de todos los bloques, para planificar tareas conjuntas durante la cuarentena y el desarrollo de la pandemia.<\/p>\n<p>Adem\u00e1s del jefe comunal, participaron de la primera reuni\u00f3n In\u00e9s Garc\u00eda, Cecilia Pampuro y Juan Marchese, responsables de las \u00e1reas de Desarrollo Humano, Salud y Seguridad, respectivamente; y el secretario de Coordinaci\u00f3n y Asuntos Estrat\u00e9gicos, Bautista Pino.<\/p>\n<p>Asistieron tambi\u00e9n el presidente del Concejo Deliberante, Sergio Iacovino; los titulares de los tres bloques que conforman el HCD: Juan Carlos Berns (Juntos por el Cambio), M\u00e1ximo Rodr\u00edguez (Frente de Todos) y Sandra Lizarraga (Nuevo Tres de Febrero); y las presidentes de las comisiones Lis D\u00edaz (Desarrollo Humano), Mart\u00edn Jofr\u00e9 (Seguridad) y Marcela Toniolo (Salud).<\/p>\n<p>Por otro lado estuvieron presentes los directores de los dos hospitales provinciales que hay en Tres de Febrero: Bocalandro de Loma Hermosa y Carrillo de Ciudadela.<\/p>\n<p>Valenzuela mencion\u00f3, \u201crepasamos todo lo que estamos haciendo para contener el coronavirus y planificamos tareas conjuntas para reforzar nuestro sistema de salud, controlar el aislamiento social en todos los barrios, asegurar el alimento en las zonas m\u00e1s vulnerables y brindar seguridad ciudadana\u201d.<\/p>\n<p>Y agreg\u00f3 que\u00a0 \u201cpusimos en conocimiento a la oposici\u00f3n de todos los temas y escuchamos sugerencias e ideas. La mesa seguir\u00e1 activa para prepararnos de la mejor manera posible ante la pandemia\u201d.<\/p>\n","protected":false},"excerpt":{"rendered":"<p>El intendente de Tres de Febrero, Diego Valenzuela, conform\u00f3 una Mesa de Coordinaci\u00f3n con funcionarios de la Municipalidad y concejales de todos los bloques, para planificar tareas conjuntas durante la cuarentena y el desarrollo de la pandemia. Adem\u00e1s del jefe comunal, participaron de la primera reuni\u00f3n In\u00e9s Garc\u00eda, Cecilia Pampuro y Juan Marchese, responsables de [&hellip;]<\/p>\n","protected":false},"author":1,"featured_media":14713,"comment_status":"closed","ping_status":"open","sticky":false,"template":"","format":"standard","meta":{"footnotes":""},"categories":[20,48,26],"tags":[81,72],"class_list":{"0":"post-14712","1":"post","2":"type-post","3":"status-publish","4":"format-standard","5":"has-post-thumbnail","7":"category-municipios","8":"category-politica-argentina","9":"category-tres-de-febrero","10":"tag-coronavirus","11":"tag-diego-valenzuela"},"aioseo_notices":[],"_links":{"self":[{"href":"https:\/\/guiadenoticias.com.ar\/diario\/wp-json\/wp\/v2\/posts\/14712","targetHints":{"allow":["GET"]}}],"collection":[{"href":"https:\/\/guiadenoticias.com.ar\/diario\/wp-json\/wp\/v2\/posts"}],"about":[{"href":"https:\/\/guiadenoticias.com.ar\/diario\/wp-json\/wp\/v2\/types\/post"}],"author":[{"embeddable":true,"href":"https:\/\/guiadenoticias.com.ar\/diario\/wp-json\/wp\/v2\/users\/1"}],"replies":[{"embeddable":true,"href":"https:\/\/guiadenoticias.com.ar\/diario\/wp-json\/wp\/v2\/comments?post=14712"}],"version-history":[{"count":1,"href":"https:\/\/guiadenoticias.com.ar\/diario\/wp-json\/wp\/v2\/posts\/14712\/revisions"}],"predecessor-version":[{"id":14714,"href":"https:\/\/guiadenoticias.com.ar\/diario\/wp-json\/wp\/v2\/posts\/14712\/revisions\/14714"}],"wp:featuredmedia":[{"embeddable":true,"href":"https:\/\/guiadenoticias.com.ar\/diario\/wp-json\/wp\/v2\/media\/14713"}],"wp:attachment":[{"href":"https:\/\/guiadenoticias.com.ar\/diario\/wp-json\/wp\/v2\/media?parent=14712"}],"wp:term":[{"taxonomy":"category","embeddable":true,"href":"https:\/\/guiadenoticias.com.ar\/diario\/wp-json\/wp\/v2\/categories?post=14712"},{"taxonomy":"post_tag","embeddable":true,"href":"https:\/\/guiadenoticias.com.ar\/diario\/wp-json\/wp\/v2\/tags?post=14712"}],"curies":[{"name":"wp","href":"https:\/\/api.w.org\/{rel}","templated":true}]}}