{"id":14835,"date":"2020-04-19T21:41:35","date_gmt":"2020-04-20T00:41:35","guid":{"rendered":"https:\/\/guiadenoticias.com.ar\/diario\/?p=14835"},"modified":"2020-04-19T21:41:35","modified_gmt":"2020-04-20T00:41:35","slug":"mas-de-150-comercios-ya-forman-parte-de-mi-compra-virtual","status":"publish","type":"post","link":"https:\/\/guiadenoticias.com.ar\/diario\/mas-de-150-comercios-ya-forman-parte-de-mi-compra-virtual\/","title":{"rendered":"M\u00e1s de 150 comercios ya forman parte de \u201cMi compra virtual\u201d"},"content":{"rendered":"<p>El municipio de Ituzaing\u00f3 informa a los vecinos y a las vecinas que ya son 158 los comercios adheridos al programa \u201cMi compra virtual\u201d, que fue lanzado por la Secretar\u00eda de Comercio, Industria y Desarrollo Econ\u00f3mico.<\/p>\n<p>Mi Compra Virtual es un nuevo programa de compras a distancia en comercios locales, que forma parte de las medidas llevadas a cabo en el distrito a lo largo del aislamiento social preventivo y obligatorio impuesto por el gobierno nacional, con el objetivo de prevenir la propagaci\u00f3n del COVID-19 (coronavirus).<\/p>\n<p>Consiste en compras a distancia, en las cuales los vecinos y las vecinas podr\u00e1n realizar los pedidos de manera telef\u00f3nica o por whatsapp, pactando horarios de entrega, pago y retiro de los productos. Los objetivos son evitar las aglomeraciones, alentar el comercio local y avanzar en la prevenci\u00f3n del COVID-19.<\/p>\n<p>Aquellos comercios que todav\u00eda quieran sumarse a la propuesta pueden llamar a la Secretar\u00eda de Comercio, Industria y Desarrollo Econ\u00f3mico Local, de lunes a viernes de 8 a 15 horas, al 5068-9381.<\/p>\n","protected":false},"excerpt":{"rendered":"<p>El municipio de Ituzaing\u00f3 informa a los vecinos y a las vecinas que ya son 158 los comercios adheridos al programa \u201cMi compra virtual\u201d, que fue lanzado por la Secretar\u00eda de Comercio, Industria y Desarrollo Econ\u00f3mico. Mi Compra Virtual es un nuevo programa de compras a distancia en comercios locales, que forma parte de las [&hellip;]<\/p>\n","protected":false},"author":1,"featured_media":14836,"comment_status":"closed","ping_status":"open","sticky":false,"template":"","format":"standard","meta":{"footnotes":""},"categories":[29,20],"tags":[],"class_list":{"0":"post-14835","1":"post","2":"type-post","3":"status-publish","4":"format-standard","5":"has-post-thumbnail","7":"category-ituzaingo","8":"category-municipios"},"aioseo_notices":[],"_links":{"self":[{"href":"https:\/\/guiadenoticias.com.ar\/diario\/wp-json\/wp\/v2\/posts\/14835","targetHints":{"allow":["GET"]}}],"collection":[{"href":"https:\/\/guiadenoticias.com.ar\/diario\/wp-json\/wp\/v2\/posts"}],"about":[{"href":"https:\/\/guiadenoticias.com.ar\/diario\/wp-json\/wp\/v2\/types\/post"}],"author":[{"embeddable":true,"href":"https:\/\/guiadenoticias.com.ar\/diario\/wp-json\/wp\/v2\/users\/1"}],"replies":[{"embeddable":true,"href":"https:\/\/guiadenoticias.com.ar\/diario\/wp-json\/wp\/v2\/comments?post=14835"}],"version-history":[{"count":1,"href":"https:\/\/guiadenoticias.com.ar\/diario\/wp-json\/wp\/v2\/posts\/14835\/revisions"}],"predecessor-version":[{"id":14837,"href":"https:\/\/guiadenoticias.com.ar\/diario\/wp-json\/wp\/v2\/posts\/14835\/revisions\/14837"}],"wp:featuredmedia":[{"embeddable":true,"href":"https:\/\/guiadenoticias.com.ar\/diario\/wp-json\/wp\/v2\/media\/14836"}],"wp:attachment":[{"href":"https:\/\/guiadenoticias.com.ar\/diario\/wp-json\/wp\/v2\/media?parent=14835"}],"wp:term":[{"taxonomy":"category","embeddable":true,"href":"https:\/\/guiadenoticias.com.ar\/diario\/wp-json\/wp\/v2\/categories?post=14835"},{"taxonomy":"post_tag","embeddable":true,"href":"https:\/\/guiadenoticias.com.ar\/diario\/wp-json\/wp\/v2\/tags?post=14835"}],"curies":[{"name":"wp","href":"https:\/\/api.w.org\/{rel}","templated":true}]}}