{"id":14848,"date":"2020-04-20T22:33:09","date_gmt":"2020-04-21T01:33:09","guid":{"rendered":"https:\/\/guiadenoticias.com.ar\/diario\/?p=14848"},"modified":"2020-04-22T01:37:48","modified_gmt":"2020-04-22T04:37:48","slug":"garcia-pedimos-el-testeo-a-todos-los-trabajadores-de-la-salud","status":"publish","type":"post","link":"https:\/\/guiadenoticias.com.ar\/diario\/garcia-pedimos-el-testeo-a-todos-los-trabajadores-de-la-salud\/","title":{"rendered":"Garc\u00eda: \u201cPedimos el testeo a todos los trabajadores de la salud\u201d"},"content":{"rendered":"<p>Hace unos d\u00edas hay una tendencia que alarma, \u00bfexisten hoy tantos infectados por el Covid \u2013 19 entre trabajadores de la salud como entre pacientes? El tema est\u00e1 sobre la mesa a partir de la inquietud del propio personal; un caso que cont\u00f3 con amplia difusi\u00f3n fue el del Hospital Belgrano, de San Mart\u00edn, que ten\u00eda hasta el 15 de marzo 22 positivos de coronavirus, entre ellos m\u00e9dicos, enfermeras y t\u00e9cnicos.<\/p>\n<p>En di\u00e1logo con Gu\u00eda de Noticias, Pablo Garc\u00eda, secretario general de ATE seccional San Mart\u00edn, se\u00f1al\u00f3, \u201cexigimos que se tomen medidas extremas\u201d. El gremio tiene afiliados &#8211; enfermeros, trabajadores de limpieza y algunos m\u00e9dicos &#8211; en el Belgrano y el Hospital Eva Per\u00f3n; representa asimismo a empleados municipales, de Pami, Anses y auxiliares en escuelas.<\/p>\n<p>Desde ATE enviaron notas a los directores de ambos nosocomios provinciales, Nicol\u00e1s Rodr\u00edguez del Belgrano, y Alejandro Saied, del Eva Per\u00f3n. All\u00ed solicitan una serie de medidas para conservar la integridad del personal. Cabe destacar que este lunes 20, el Comit\u00e9 de Crisis Sanitaria bonaerense aval\u00f3 gran parte de estos requerimientos.<\/p>\n<p>Respecto a la situaci\u00f3n del hospital ubicado en el l\u00edmite con Vicente L\u00f3pez, Garc\u00eda mencion\u00f3, \u201cmandamos nota en la cual pedimos que se extremen las medidas de seguridad\u201d, y a\u00f1adi\u00f3 que \u201ctransmitimos la inquietud a nuestro secretario general de la provincia de Buenos Aires (Oscar de Isasi) y \u00e9l tuvo comunicaci\u00f3n con el Ministerio de Salud, y se intensificaron las medidas\u201d.<\/p>\n<p>Uno de los principales reclamos es que se haga el testeo a todos los trabajadores de la salud. Por otro lado, el secretario gremial indic\u00f3, \u201ca los pacientes como trabajadores que mandan a la casa en cuarentena, nos parece una locura. Pedimos que aquellos compa\u00f1eros que tienen sospechas de estar contagiados vayan a los centros de aislamiento\u201d. Seg\u00fan cont\u00f3 a este portal, solicitan tambi\u00e9n el uso obligatorio de barbijos en la circulaci\u00f3n interna de los centros de salud.<\/p>\n<p>Consultado por la situaci\u00f3n en el Interzonal Eva Per\u00f3n, que recibi\u00f3 recientemente la visita del gobernador Kicillof, Coment\u00f3: \u201cNuestro cuerpo de delegados trabaja a full en resguardo de los trabajadores. Exigen que se repartan todos los elementos de bioseguridad. Hicieron compras que no reun\u00edan los requisitos; presentamos el reclamo y lo solucionaron\u201d.<\/p>\n<p>En cuanto a los municipales, Garc\u00eda inform\u00f3 que ATE redact\u00f3 una nota para el intendente Fernando Moreira, con una serie de reclamos: barbijos adecuados; bono de 5 mil pesos para los trabajadores esenciales y repelentes para quienes est\u00e1n en el corral\u00f3n (ante la epidemia del dengue).<\/p>\n<p>Adem\u00e1s, pide que armen una comisi\u00f3n entre gremios municipales y el Ejecutivo para definir a qu\u00e9 trabajadores alcanzan dichas medidas. \u201cNos deber\u00edan tener en cuenta. Hay una visi\u00f3n sobre la comunidad y otra de los trabajadores\u201d, concluy\u00f3.<\/p>\n","protected":false},"excerpt":{"rendered":"<p>Hace unos d\u00edas hay una tendencia que alarma, \u00bfexisten hoy tantos infectados por el Covid \u2013 19 entre trabajadores de la salud como entre pacientes? El tema est\u00e1 sobre la mesa a partir de la inquietud del propio personal; un caso que cont\u00f3 con amplia difusi\u00f3n fue el del Hospital Belgrano, de San Mart\u00edn, que [&hellip;]<\/p>\n","protected":false},"author":1,"featured_media":14850,"comment_status":"closed","ping_status":"open","sticky":false,"template":"","format":"standard","meta":{"footnotes":""},"categories":[49,70,20,24],"tags":[86,81,74],"class_list":{"0":"post-14848","1":"post","2":"type-post","3":"status-publish","4":"format-standard","5":"has-post-thumbnail","7":"category-economia-y-gremiales","8":"category-las-mas-leidas","9":"category-municipios","10":"category-san-martin","11":"tag-ate","12":"tag-coronavirus","13":"tag-fernando-moreira"},"aioseo_notices":[],"_links":{"self":[{"href":"https:\/\/guiadenoticias.com.ar\/diario\/wp-json\/wp\/v2\/posts\/14848","targetHints":{"allow":["GET"]}}],"collection":[{"href":"https:\/\/guiadenoticias.com.ar\/diario\/wp-json\/wp\/v2\/posts"}],"about":[{"href":"https:\/\/guiadenoticias.com.ar\/diario\/wp-json\/wp\/v2\/types\/post"}],"author":[{"embeddable":true,"href":"https:\/\/guiadenoticias.com.ar\/diario\/wp-json\/wp\/v2\/users\/1"}],"replies":[{"embeddable":true,"href":"https:\/\/guiadenoticias.com.ar\/diario\/wp-json\/wp\/v2\/comments?post=14848"}],"version-history":[{"count":1,"href":"https:\/\/guiadenoticias.com.ar\/diario\/wp-json\/wp\/v2\/posts\/14848\/revisions"}],"predecessor-version":[{"id":14849,"href":"https:\/\/guiadenoticias.com.ar\/diario\/wp-json\/wp\/v2\/posts\/14848\/revisions\/14849"}],"wp:featuredmedia":[{"embeddable":true,"href":"https:\/\/guiadenoticias.com.ar\/diario\/wp-json\/wp\/v2\/media\/14850"}],"wp:attachment":[{"href":"https:\/\/guiadenoticias.com.ar\/diario\/wp-json\/wp\/v2\/media?parent=14848"}],"wp:term":[{"taxonomy":"category","embeddable":true,"href":"https:\/\/guiadenoticias.com.ar\/diario\/wp-json\/wp\/v2\/categories?post=14848"},{"taxonomy":"post_tag","embeddable":true,"href":"https:\/\/guiadenoticias.com.ar\/diario\/wp-json\/wp\/v2\/tags?post=14848"}],"curies":[{"name":"wp","href":"https:\/\/api.w.org\/{rel}","templated":true}]}}