{"id":14866,"date":"2020-04-23T23:51:56","date_gmt":"2020-04-24T02:51:56","guid":{"rendered":"https:\/\/guiadenoticias.com.ar\/diario\/?p=14866"},"modified":"2020-04-23T23:51:56","modified_gmt":"2020-04-24T02:51:56","slug":"coronavirus-vilo-y-si-preparan-centros-de-atencion-extra-hospitalarios","status":"publish","type":"post","link":"https:\/\/guiadenoticias.com.ar\/diario\/coronavirus-vilo-y-si-preparan-centros-de-atencion-extra-hospitalarios\/","title":{"rendered":"Coronavirus: Vilo y SI preparan centros de atenci\u00f3n extra-hospitalarios"},"content":{"rendered":"<p>Si aumentaran los casos de COVID-19 en San Isidro, ya hay lugares readecuados para contener pacientes. La Comuna acondicion\u00f3 en Mart\u00ednez un centro de internaci\u00f3n domiciliaria con capacidad para 50 camas.<\/p>\n<p>El intendente Gustavo Posse recorri\u00f3 el lugar, ubicado en Paran\u00e1 al 3300. \u201cAnte la eventualidad que se incrementen los casos, preparamos lugares con camas para pacientes leves, as\u00ed descomprimimos nuestros hospitales. Este lugar es un geri\u00e1trico de una empresa que se desarrolla en San Isidro y hace una prestaci\u00f3n de muy buena calidad\u201d.<\/p>\n<p>El secretario de Salud P\u00fablica, Juan Viaggio, explic\u00f3 que\u00a0 \u201chay habilitadas 50 camas, con flexibilidad para otros usos, como por ejemplo aislar personal de riesgo de barrios vulnerables, grupos de riesgo como adultos mayores o familiares de alg\u00fan caso positivo sospechoso que no tenga un lugar donde hacer su contenci\u00f3n de forma eficiente\u201d.<\/p>\n<p><strong>VICENTE L\u00d3PEZ<\/strong><\/p>\n<p>El intendente de Vicente L\u00f3pez, Jorge Macri, recorri\u00f3 habitaciones que se habilitaron para la atenci\u00f3n de pacientes con s\u00edntomas leves de coronavirus. \u201cEs un alivio saber que no estamos solos frente a ese desaf\u00edo. Muchas instituciones del municipio se comprometieron y sumaron su granito de arena para ayudarnos a lograrlo\u201d, afirm\u00f3.<\/p>\n<p>Estas medidas forman parte del Plan Integral Municipal Cuidar y Asistir, a partir del cual el municipio est\u00e1 triplicando las camas de terapia intensiva; puso tambi\u00e9n a disposici\u00f3n 54 camas aisladas en el Hospital Municipal y sum\u00f3 nuevos respiradores.<\/p>\n<p>En Vicente L\u00f3pez habilitar\u00e1n otros centros extra-hospitalarios, como es la Sociedad de Fomento de Villa Martelli con 100 camas; y la Sociedad de Fomento de Jos\u00e9 Hern\u00e1ndez con 120 camas: el Obispado con 29 camas, el Club VILO con 22 camas y el Campo 1 con 24 camas.<\/p>\n<p>El intendente se\u00f1al\u00f3, \u201cesperamos que nadie tenga que usar estos lugares ni estas camas, pero nos tranquiliza saber que contamos con ellos si la situaci\u00f3n se agrava. Ac\u00e1, muchos pacientes podr\u00e1n recuperarse recibiendo contenci\u00f3n y atenci\u00f3n m\u00e9dica de calidad\u201d.<\/p>\n<p>Por otro lado, Macri firm\u00f3 un convenio con el Hotel Ramada by Wyndham que tiene como objetivo brindar alojamiento al personal de salud municipal que cuida y asiste a los vecinos COVID-19 positivos.<\/p>\n<p>El hotel se encuentra ubicado en Avenida San Mart\u00edn 450, a pocas cuadras del Hospital Houssay. La propuesta, generada a partir de la firma del convenio, es absolutamente voluntaria y es una alternativa segura de descanso a m\u00e9dicos, enfermeros y todos aquellos que la Secretaria de Salud disponga. Hasta el momento est\u00e1n cubiertas 390 noches por 103 plazas.<\/p>\n<p>Colaboraron con esta iniciativa las empresas ANCA, Sergio Trepat, Naval Motors, Menoyo, Exanet y Atmosf\u00e9ricos Santa Teresita.<\/p>\n","protected":false},"excerpt":{"rendered":"<p>Si aumentaran los casos de COVID-19 en San Isidro, ya hay lugares readecuados para contener pacientes. La Comuna acondicion\u00f3 en Mart\u00ednez un centro de internaci\u00f3n domiciliaria con capacidad para 50 camas. El intendente Gustavo Posse recorri\u00f3 el lugar, ubicado en Paran\u00e1 al 3300. \u201cAnte la eventualidad que se incrementen los casos, preparamos lugares con camas [&hellip;]<\/p>\n","protected":false},"author":1,"featured_media":14867,"comment_status":"closed","ping_status":"open","sticky":false,"template":"","format":"standard","meta":{"footnotes":""},"categories":[20,21,25],"tags":[81,75,71],"class_list":{"0":"post-14866","1":"post","2":"type-post","3":"status-publish","4":"format-standard","5":"has-post-thumbnail","7":"category-municipios","8":"category-san-isidro","9":"category-vicente-lopez","10":"tag-coronavirus","11":"tag-gustavo-posse","12":"tag-jorge-macri"},"aioseo_notices":[],"_links":{"self":[{"href":"https:\/\/guiadenoticias.com.ar\/diario\/wp-json\/wp\/v2\/posts\/14866","targetHints":{"allow":["GET"]}}],"collection":[{"href":"https:\/\/guiadenoticias.com.ar\/diario\/wp-json\/wp\/v2\/posts"}],"about":[{"href":"https:\/\/guiadenoticias.com.ar\/diario\/wp-json\/wp\/v2\/types\/post"}],"author":[{"embeddable":true,"href":"https:\/\/guiadenoticias.com.ar\/diario\/wp-json\/wp\/v2\/users\/1"}],"replies":[{"embeddable":true,"href":"https:\/\/guiadenoticias.com.ar\/diario\/wp-json\/wp\/v2\/comments?post=14866"}],"version-history":[{"count":1,"href":"https:\/\/guiadenoticias.com.ar\/diario\/wp-json\/wp\/v2\/posts\/14866\/revisions"}],"predecessor-version":[{"id":14868,"href":"https:\/\/guiadenoticias.com.ar\/diario\/wp-json\/wp\/v2\/posts\/14866\/revisions\/14868"}],"wp:featuredmedia":[{"embeddable":true,"href":"https:\/\/guiadenoticias.com.ar\/diario\/wp-json\/wp\/v2\/media\/14867"}],"wp:attachment":[{"href":"https:\/\/guiadenoticias.com.ar\/diario\/wp-json\/wp\/v2\/media?parent=14866"}],"wp:term":[{"taxonomy":"category","embeddable":true,"href":"https:\/\/guiadenoticias.com.ar\/diario\/wp-json\/wp\/v2\/categories?post=14866"},{"taxonomy":"post_tag","embeddable":true,"href":"https:\/\/guiadenoticias.com.ar\/diario\/wp-json\/wp\/v2\/tags?post=14866"}],"curies":[{"name":"wp","href":"https:\/\/api.w.org\/{rel}","templated":true}]}}