{"id":14878,"date":"2020-04-27T22:56:07","date_gmt":"2020-04-28T01:56:07","guid":{"rendered":"https:\/\/guiadenoticias.com.ar\/diario\/?p=14878"},"modified":"2020-04-27T22:56:07","modified_gmt":"2020-04-28T01:56:07","slug":"valenzuela-y-katopodis-visitaron-el-hospital-modular-de-emergencia","status":"publish","type":"post","link":"https:\/\/guiadenoticias.com.ar\/diario\/valenzuela-y-katopodis-visitaron-el-hospital-modular-de-emergencia\/","title":{"rendered":"Valenzuela y Katopodis visitaron el Hospital Modular de Emergencia"},"content":{"rendered":"<p>El intendente Diego Valenzuela y Gabriel Katopodis, ministro de Obras P\u00fablicas de Naci\u00f3n, recorrieron las obras del Hospital Modular de Emergencia de Mart\u00edn Coronado, al lado del Centro de Salud Arturo Illia.<\/p>\n<p>Ya se colocaron los m\u00f3dulos, los paneles y ahora realizan las instalaciones el\u00e9ctricas, sanitarias y de gas, en la sala de apoyo, \u00e1rea de internaci\u00f3n y de terapia intensiva. Este centro aportar\u00e1 alrededor de 40 camas de internaci\u00f3n, con atenci\u00f3n durante las 24 horas y trabajar\u00e1 en conjunto con el SAME.<\/p>\n<p>Adem\u00e1s, tendr\u00e1 servicio de laboratorio, de diagn\u00f3stico, ec\u00f3grafo y todo el sistema de aparatolog\u00eda necesaria para esta emergencia sanitaria. Seg\u00fan inform\u00f3 Katopodis, contar\u00e1 con \u00faltima tecnolog\u00eda y con insumos por cuatro meses para enfrentar la etapa m\u00e1s cr\u00edtica.<\/p>\n<p>\u201cEste hospital estar\u00e1 listo para mayo y sumar\u00e1 respuestas m\u00e9dicas a la acci\u00f3n del Estado contra la pandemia\u201d, expres\u00f3 Valenzuela. Y agreg\u00f3, \u201ctrabajamos codo a codo sin distinci\u00f3n partidaria porque sabemos que la prioridad es cuidar a la comunidad\u201d.<\/p>\n<p>Por su parte, el ministro se\u00f1al\u00f3 que \u201cacompa\u00f1amos al intendente Diego Valenzuela, con el gran esfuerzo que hacemos todos para fortalecer la red p\u00fablica de salud. Va a ser un paso m\u00e1s en lo que el municipio hace para garantizar un sistema de cuidado para la comunidad local\u201d.<\/p>\n<p>De la visita tambi\u00e9n participaron Fernando Moreira, intendente de San Mart\u00edn, y Malena Galmarini, presidenta de Agua y Saneamiento (AySA).<\/p>\n","protected":false},"excerpt":{"rendered":"<p>El intendente Diego Valenzuela y Gabriel Katopodis, ministro de Obras P\u00fablicas de Naci\u00f3n, recorrieron las obras del Hospital Modular de Emergencia de Mart\u00edn Coronado, al lado del Centro de Salud Arturo Illia. Ya se colocaron los m\u00f3dulos, los paneles y ahora realizan las instalaciones el\u00e9ctricas, sanitarias y de gas, en la sala de apoyo, \u00e1rea [&hellip;]<\/p>\n","protected":false},"author":1,"featured_media":14879,"comment_status":"closed","ping_status":"open","sticky":false,"template":"","format":"standard","meta":{"footnotes":""},"categories":[20,48,26],"tags":[81,72,85],"class_list":{"0":"post-14878","1":"post","2":"type-post","3":"status-publish","4":"format-standard","5":"has-post-thumbnail","7":"category-municipios","8":"category-politica-argentina","9":"category-tres-de-febrero","10":"tag-coronavirus","11":"tag-diego-valenzuela","12":"tag-gabriel-katopodis"},"aioseo_notices":[],"_links":{"self":[{"href":"https:\/\/guiadenoticias.com.ar\/diario\/wp-json\/wp\/v2\/posts\/14878","targetHints":{"allow":["GET"]}}],"collection":[{"href":"https:\/\/guiadenoticias.com.ar\/diario\/wp-json\/wp\/v2\/posts"}],"about":[{"href":"https:\/\/guiadenoticias.com.ar\/diario\/wp-json\/wp\/v2\/types\/post"}],"author":[{"embeddable":true,"href":"https:\/\/guiadenoticias.com.ar\/diario\/wp-json\/wp\/v2\/users\/1"}],"replies":[{"embeddable":true,"href":"https:\/\/guiadenoticias.com.ar\/diario\/wp-json\/wp\/v2\/comments?post=14878"}],"version-history":[{"count":1,"href":"https:\/\/guiadenoticias.com.ar\/diario\/wp-json\/wp\/v2\/posts\/14878\/revisions"}],"predecessor-version":[{"id":14880,"href":"https:\/\/guiadenoticias.com.ar\/diario\/wp-json\/wp\/v2\/posts\/14878\/revisions\/14880"}],"wp:featuredmedia":[{"embeddable":true,"href":"https:\/\/guiadenoticias.com.ar\/diario\/wp-json\/wp\/v2\/media\/14879"}],"wp:attachment":[{"href":"https:\/\/guiadenoticias.com.ar\/diario\/wp-json\/wp\/v2\/media?parent=14878"}],"wp:term":[{"taxonomy":"category","embeddable":true,"href":"https:\/\/guiadenoticias.com.ar\/diario\/wp-json\/wp\/v2\/categories?post=14878"},{"taxonomy":"post_tag","embeddable":true,"href":"https:\/\/guiadenoticias.com.ar\/diario\/wp-json\/wp\/v2\/tags?post=14878"}],"curies":[{"name":"wp","href":"https:\/\/api.w.org\/{rel}","templated":true}]}}