{"id":1489,"date":"2016-04-04T20:29:12","date_gmt":"2016-04-04T23:29:12","guid":{"rendered":"http:\/\/guiadenoticias.com.ar\/diario\/?p=1489"},"modified":"2016-04-04T20:29:36","modified_gmt":"2016-04-04T23:29:36","slug":"trabajadores-del-banco-provincia-paran-el-miercoles","status":"publish","type":"post","link":"https:\/\/guiadenoticias.com.ar\/diario\/trabajadores-del-banco-provincia-paran-el-miercoles\/","title":{"rendered":"Trabajadores del Banco Provincia paran el mi\u00e9rcoles"},"content":{"rendered":"<p>A ra\u00edz del conflicto desatado en el Banco Provincia por la designaci\u00f3n de Jorge Allen como gerente general, La Bancaria, representaci\u00f3n sindical de los trabajadores bancarios, confirm\u00f3 para dicha entidad paro de 24 horas para el pr\u00f3ximo mi\u00e9rcoles 6 de abril, sin asistencia al lugar de trabajo ni cargas de cajeros autom\u00e1ticos.<\/p>\n<p>Particip\u00f3 de la reuni\u00f3n realizada este lunes el secretario General, Sergio Palazzo, y, entre otros dirigentes, el delegado de la regional San Mart\u00edn \u2013 Tres de Febrero, Jorge Deantoni. En el plenario denunciaron la incorporaci\u00f3n de \u201cpersonas ajenas a la entidad y sin formaci\u00f3n en la misma\u201d.<\/p>\n<p>Los bancarios manifiestan que \u201c194 a\u00f1os de historia de un banco p\u00fablico que con gerentes surgidos de la planta permanente de nuestra instituci\u00f3n hicieron del Banco Provincia un gran banco al servicio del pueblo de la Provincia, del productor agropecuario, de la peque\u00f1a y mediana empresa. No es bueno que un presidente denigre, subestime y desestime la capacidad de nuestros funcionarios. El gerente general debe ser un hombre o una mujer surgidos de nuestra instituci\u00f3n\u201d.<\/p>\n<p>El mensaje es para Juan Curuchet, presidente del Banco Provincia, quien nombr\u00f3 a Jorge Allen, ex rugbier y hombre proveniente de la banca privada (fue director del BBVA). Por otro lado, desde La Bancaria informaron que no renovaron los convenios con la universidad UNTREF, donde se cursaba la profesionalizaci\u00f3n de la carrera bancaria.<\/p>\n<p>Entre los argumentos del directorio para designar a Allen, destacaron \u201csu vasta experiencia en el rubro bancario y financiero, as\u00ed como su valioso aporte para la confecci\u00f3n del Plan Estrat\u00e9gico de Gesti\u00f3n para el per\u00edodo 2016-2019\u201d.<\/p>\n","protected":false},"excerpt":{"rendered":"<p>A ra\u00edz del conflicto desatado en el Banco Provincia por la designaci\u00f3n de Jorge Allen como gerente general, La Bancaria, representaci\u00f3n sindical de los trabajadores bancarios, confirm\u00f3 para dicha entidad paro de 24 horas para el pr\u00f3ximo mi\u00e9rcoles 6 de abril, sin asistencia al lugar de trabajo ni cargas de cajeros autom\u00e1ticos. Particip\u00f3 de la [&hellip;]<\/p>\n","protected":false},"author":1,"featured_media":1490,"comment_status":"closed","ping_status":"open","sticky":false,"template":"","format":"standard","meta":{"footnotes":""},"categories":[49,48,31],"tags":[],"class_list":{"0":"post-1489","1":"post","2":"type-post","3":"status-publish","4":"format-standard","5":"has-post-thumbnail","7":"category-economia-y-gremiales","8":"category-politica-argentina","9":"category-provincia"},"aioseo_notices":[],"_links":{"self":[{"href":"https:\/\/guiadenoticias.com.ar\/diario\/wp-json\/wp\/v2\/posts\/1489","targetHints":{"allow":["GET"]}}],"collection":[{"href":"https:\/\/guiadenoticias.com.ar\/diario\/wp-json\/wp\/v2\/posts"}],"about":[{"href":"https:\/\/guiadenoticias.com.ar\/diario\/wp-json\/wp\/v2\/types\/post"}],"author":[{"embeddable":true,"href":"https:\/\/guiadenoticias.com.ar\/diario\/wp-json\/wp\/v2\/users\/1"}],"replies":[{"embeddable":true,"href":"https:\/\/guiadenoticias.com.ar\/diario\/wp-json\/wp\/v2\/comments?post=1489"}],"version-history":[{"count":1,"href":"https:\/\/guiadenoticias.com.ar\/diario\/wp-json\/wp\/v2\/posts\/1489\/revisions"}],"predecessor-version":[{"id":1491,"href":"https:\/\/guiadenoticias.com.ar\/diario\/wp-json\/wp\/v2\/posts\/1489\/revisions\/1491"}],"wp:featuredmedia":[{"embeddable":true,"href":"https:\/\/guiadenoticias.com.ar\/diario\/wp-json\/wp\/v2\/media\/1490"}],"wp:attachment":[{"href":"https:\/\/guiadenoticias.com.ar\/diario\/wp-json\/wp\/v2\/media?parent=1489"}],"wp:term":[{"taxonomy":"category","embeddable":true,"href":"https:\/\/guiadenoticias.com.ar\/diario\/wp-json\/wp\/v2\/categories?post=1489"},{"taxonomy":"post_tag","embeddable":true,"href":"https:\/\/guiadenoticias.com.ar\/diario\/wp-json\/wp\/v2\/tags?post=1489"}],"curies":[{"name":"wp","href":"https:\/\/api.w.org\/{rel}","templated":true}]}}