{"id":14899,"date":"2020-05-01T20:47:42","date_gmt":"2020-05-01T23:47:42","guid":{"rendered":"https:\/\/guiadenoticias.com.ar\/diario\/?p=14899"},"modified":"2020-05-01T21:29:01","modified_gmt":"2020-05-02T00:29:01","slug":"dos-detenidos-por-el-homicidio-del-remisero-de-santos-lugares","status":"publish","type":"post","link":"https:\/\/guiadenoticias.com.ar\/diario\/dos-detenidos-por-el-homicidio-del-remisero-de-santos-lugares\/","title":{"rendered":"Dos detenidos por el homicidio del remisero de Santos Lugares"},"content":{"rendered":"<p>En el marco de la investigaci\u00f3n por el asesinato del remisero Ernesto Jos\u00e9 Lezcano (58), dos delincuentes fueron aprehendidos luego de que personal de la Distrital Tres de Febrero y de la Divisi\u00f3n Homicidios de la Direcci\u00f3n de Investigaciones San Mart\u00edn, allanaran cuatro domicilios en Caseros y en el Barrio Ej\u00e9rcito de los Andes.<\/p>\n<p>Los detenidos son mayores de edad, uno de ellos tiene 23 a\u00f1os y el otro, 32. En el domicilio del Barrio Ej\u00e9rcito de Los Andes, \u00a0los investigadores secuestraron una pistola calibre 9 mm, con numeraci\u00f3n suprimida, y varias llaves de autom\u00f3viles. En la casa en Caseros, la polic\u00eda secuestr\u00f3 el cargador de una pistola calibre 9 mm, municiones y, tambi\u00e9n, \u00a0llaves de autom\u00f3viles.<\/p>\n<p>El vecino de Santos Lugares fue asesinado el martes 28 de abril, cuando alrededor de las 7 horas sal\u00eda de su domicilio de la calle Almafuerte a bordo de su veh\u00edculo Peugeot Partner y en ese instante fue interceptado por dos delincuentes &#8211; que se llevaron tambi\u00e9n su billetera -. En un supuesto forcejeo con los malvivientes recibi\u00f3 un disparo calibre 9 mm en la cabeza, motivo por el cual fue trasladado de urgencia al Hospital Carrillo, en donde falleci\u00f3.<\/p>\n<p>Luego de tareas inteligencia, personal de la Comisar\u00eda Tres de Febrero 3\u00b0 -Santos Lugares-, de la Divisi\u00f3n Homicidios, de la Direcci\u00f3n de Investigaciones San Mart\u00edn, realizaron los cuatro allanamientos y aprehendieron a estos dos hombres, a quienes se acusa de ser los autores del asesinato.<\/p>\n","protected":false},"excerpt":{"rendered":"<p>En el marco de la investigaci\u00f3n por el asesinato del remisero Ernesto Jos\u00e9 Lezcano (58), dos delincuentes fueron aprehendidos luego de que personal de la Distrital Tres de Febrero y de la Divisi\u00f3n Homicidios de la Direcci\u00f3n de Investigaciones San Mart\u00edn, allanaran cuatro domicilios en Caseros y en el Barrio Ej\u00e9rcito de los Andes. Los [&hellip;]<\/p>\n","protected":false},"author":1,"featured_media":14900,"comment_status":"closed","ping_status":"open","sticky":false,"template":"","format":"standard","meta":{"footnotes":""},"categories":[20,26],"tags":[72,89],"class_list":{"0":"post-14899","1":"post","2":"type-post","3":"status-publish","4":"format-standard","5":"has-post-thumbnail","7":"category-municipios","8":"category-tres-de-febrero","9":"tag-diego-valenzuela","10":"tag-inseguridad"},"aioseo_notices":[],"_links":{"self":[{"href":"https:\/\/guiadenoticias.com.ar\/diario\/wp-json\/wp\/v2\/posts\/14899","targetHints":{"allow":["GET"]}}],"collection":[{"href":"https:\/\/guiadenoticias.com.ar\/diario\/wp-json\/wp\/v2\/posts"}],"about":[{"href":"https:\/\/guiadenoticias.com.ar\/diario\/wp-json\/wp\/v2\/types\/post"}],"author":[{"embeddable":true,"href":"https:\/\/guiadenoticias.com.ar\/diario\/wp-json\/wp\/v2\/users\/1"}],"replies":[{"embeddable":true,"href":"https:\/\/guiadenoticias.com.ar\/diario\/wp-json\/wp\/v2\/comments?post=14899"}],"version-history":[{"count":1,"href":"https:\/\/guiadenoticias.com.ar\/diario\/wp-json\/wp\/v2\/posts\/14899\/revisions"}],"predecessor-version":[{"id":14901,"href":"https:\/\/guiadenoticias.com.ar\/diario\/wp-json\/wp\/v2\/posts\/14899\/revisions\/14901"}],"wp:featuredmedia":[{"embeddable":true,"href":"https:\/\/guiadenoticias.com.ar\/diario\/wp-json\/wp\/v2\/media\/14900"}],"wp:attachment":[{"href":"https:\/\/guiadenoticias.com.ar\/diario\/wp-json\/wp\/v2\/media?parent=14899"}],"wp:term":[{"taxonomy":"category","embeddable":true,"href":"https:\/\/guiadenoticias.com.ar\/diario\/wp-json\/wp\/v2\/categories?post=14899"},{"taxonomy":"post_tag","embeddable":true,"href":"https:\/\/guiadenoticias.com.ar\/diario\/wp-json\/wp\/v2\/tags?post=14899"}],"curies":[{"name":"wp","href":"https:\/\/api.w.org\/{rel}","templated":true}]}}