{"id":14926,"date":"2020-05-06T01:23:12","date_gmt":"2020-05-06T04:23:12","guid":{"rendered":"https:\/\/guiadenoticias.com.ar\/diario\/?p=14926"},"modified":"2020-05-06T01:23:12","modified_gmt":"2020-05-06T04:23:12","slug":"vuelta-atras-con-las-reducciones-salariales-en-3f","status":"publish","type":"post","link":"https:\/\/guiadenoticias.com.ar\/diario\/vuelta-atras-con-las-reducciones-salariales-en-3f\/","title":{"rendered":"Vuelta atr\u00e1s con las reducciones salariales en 3F"},"content":{"rendered":"<p>La Municipalidad de Tres de Febrero comunic\u00f3 que dej\u00f3 sin efecto el decreto 342\/20 del intendente Diego Valenzuela que establec\u00eda una serie de recortes salariales a trabajadores de planta y a monotributistas. La nota fue difundida en la jornada pautada para una nueva audiencia con el Sindicato de Trabajadores Municipales, \u00a0en la delegaci\u00f3n de Villa Bosch del Ministerio de Trabajo.<\/p>\n<p>La medida estaba enmarcada en un contexto de crisis sanitaria y baja de la recaudaci\u00f3n. Seg\u00fan indica el comunicado, \u201cse tomaron decisiones transitorias sobre los suplementos y bonificaciones de la planta de los trabajadores con la finalidad de causar el menor impacto y perjuicio posible en la n\u00f3mina laboral, priorizando los puestos de trabajo y el normal desarrollo de la gesti\u00f3n municipal\u201d; menciona, adem\u00e1s, las reducciones en contratos y en ingresos de funcionarios.<\/p>\n<p>Pero, despu\u00e9s de la firma del decreto &#8211; con fecha 23 de abril &#8211; hubo novedades. \u201cLuego de una reuni\u00f3n con el se\u00f1or gobernador Axel Kicillof, la provincia de Buenos Aires puso a disposici\u00f3n de los municipios pr\u00e9stamos y una partida presupuestaria especial para que se puedan asumir los pr\u00f3ximos compromisos en materia de gastos y sueldos\u201d, motivo por el cual \u201cse decidi\u00f3 dejar sin efecto las medidas anteriores\u201d.<\/p>\n<p>La nota concluye: \u201cDesde la Municipalidad de Tres de Febrero se seguir\u00e1 velando por una buena administraci\u00f3n de los recursos y el presupuesto, con el \u00fanico fin de llevar mejoras y progreso a la comunidad, siempre intentando mejorar las condiciones laborales de nuestro equipo municipal, como se hizo en marzo \u00faltimo, con el aumento salarial del 12 por ciento\u201d.<\/p>\n","protected":false},"excerpt":{"rendered":"<p>La Municipalidad de Tres de Febrero comunic\u00f3 que dej\u00f3 sin efecto el decreto 342\/20 del intendente Diego Valenzuela que establec\u00eda una serie de recortes salariales a trabajadores de planta y a monotributistas. La nota fue difundida en la jornada pautada para una nueva audiencia con el Sindicato de Trabajadores Municipales, \u00a0en la delegaci\u00f3n de Villa [&hellip;]<\/p>\n","protected":false},"author":1,"featured_media":14927,"comment_status":"closed","ping_status":"open","sticky":false,"template":"","format":"standard","meta":{"footnotes":""},"categories":[49,20,26],"tags":[72],"class_list":{"0":"post-14926","1":"post","2":"type-post","3":"status-publish","4":"format-standard","5":"has-post-thumbnail","7":"category-economia-y-gremiales","8":"category-municipios","9":"category-tres-de-febrero","10":"tag-diego-valenzuela"},"aioseo_notices":[],"_links":{"self":[{"href":"https:\/\/guiadenoticias.com.ar\/diario\/wp-json\/wp\/v2\/posts\/14926","targetHints":{"allow":["GET"]}}],"collection":[{"href":"https:\/\/guiadenoticias.com.ar\/diario\/wp-json\/wp\/v2\/posts"}],"about":[{"href":"https:\/\/guiadenoticias.com.ar\/diario\/wp-json\/wp\/v2\/types\/post"}],"author":[{"embeddable":true,"href":"https:\/\/guiadenoticias.com.ar\/diario\/wp-json\/wp\/v2\/users\/1"}],"replies":[{"embeddable":true,"href":"https:\/\/guiadenoticias.com.ar\/diario\/wp-json\/wp\/v2\/comments?post=14926"}],"version-history":[{"count":1,"href":"https:\/\/guiadenoticias.com.ar\/diario\/wp-json\/wp\/v2\/posts\/14926\/revisions"}],"predecessor-version":[{"id":14928,"href":"https:\/\/guiadenoticias.com.ar\/diario\/wp-json\/wp\/v2\/posts\/14926\/revisions\/14928"}],"wp:featuredmedia":[{"embeddable":true,"href":"https:\/\/guiadenoticias.com.ar\/diario\/wp-json\/wp\/v2\/media\/14927"}],"wp:attachment":[{"href":"https:\/\/guiadenoticias.com.ar\/diario\/wp-json\/wp\/v2\/media?parent=14926"}],"wp:term":[{"taxonomy":"category","embeddable":true,"href":"https:\/\/guiadenoticias.com.ar\/diario\/wp-json\/wp\/v2\/categories?post=14926"},{"taxonomy":"post_tag","embeddable":true,"href":"https:\/\/guiadenoticias.com.ar\/diario\/wp-json\/wp\/v2\/tags?post=14926"}],"curies":[{"name":"wp","href":"https:\/\/api.w.org\/{rel}","templated":true}]}}