{"id":14962,"date":"2020-05-13T22:27:31","date_gmt":"2020-05-14T01:27:31","guid":{"rendered":"https:\/\/guiadenoticias.com.ar\/diario\/?p=14962"},"modified":"2020-05-13T22:29:57","modified_gmt":"2020-05-14T01:29:57","slug":"valenzuela-trata-de-equilibrar-las-cuentas-municipales","status":"publish","type":"post","link":"https:\/\/guiadenoticias.com.ar\/diario\/valenzuela-trata-de-equilibrar-las-cuentas-municipales\/","title":{"rendered":"Valenzuela trata de equilibrar las cuentas municipales"},"content":{"rendered":"<p>A pesar de que ning\u00fan gobierno parece preparado para escapar del derrumbe financiero que trae aparejada la pandemia de Covid 19, algunos ensayan f\u00f3rmulas para minimizar la debacle. Uno de esos casos son los intentos en distritos del Conurbano para evitar una mayor ca\u00edda econ\u00f3mica &#8211; social, y en ese sentido, en Tres de Febrero dieron ya algunas se\u00f1ales.<\/p>\n<p>La Gobernaci\u00f3n autoriz\u00f3 una flexibilizaci\u00f3n parcial que contempla la vuelta a las f\u00e1bricas de 16 empresas industriales. Son autopartistas, fabricantes de bienes de capital, metalmec\u00e1nicas y metal\u00fargicas, textiles, pl\u00e1sticas, empresas del sector de petr\u00f3leo y exportadoras de servicios de ingenier\u00eda. Diego Valenzuela envi\u00f3 la petici\u00f3n por 66 industrias.<\/p>\n<p>Tambi\u00e9n fue solicitada una flexibilizaci\u00f3n de la cuarentena relacionada con comercios de escala barrial &#8211; que no representen conglomeraciones &#8211; y del rubro de la construcci\u00f3n. El intendente explica en privado que est\u00e1 preocupado en contener a los sectores medios, con escasa asistencia del Estado.<\/p>\n<p>Por otro lado, ante la ca\u00edda estimada del 50 por ciento en la recaudaci\u00f3n por tasas y coparticipaci\u00f3n, m\u00e1s las dificultades con la implementaci\u00f3n del pago online, la Comuna habilit\u00f3 nuevamente el cobro por ventanilla en el edificio municipal o en los Centros de Atenci\u00f3n al Vecino. Se tienen en cuenta protocolos sanitarios y hay una distribuci\u00f3n de fechas seg\u00fan la terminaci\u00f3n del DNI.<\/p>\n<p>El municipio tuvo problemas para abonar los salarios de abril. La situaci\u00f3n se destrab\u00f3 cuando Provincia gir\u00f3 m\u00e1s fondos. De todos modos, para adelante el jefe comunal anticipa que debe seguir con ahorros en algunas \u00e1reas.<\/p>\n<p><strong>CORONAVIRUS<\/strong><\/p>\n<p>A la par de los vaivenes en las cuentas, la gesti\u00f3n de Valenzuela acompa\u00f1a las iniciativas del gobierno nacional y el provincial para hacer frente al avance del Covid 19. Este mi\u00e9rcoles 13 comenz\u00f3 una serie de operativos preventivos, con agentes que recorrer\u00e1n los centros comerciales para orientar a los vecinos. Adem\u00e1s, saldr\u00e1 un m\u00f3vil sanitario que har\u00e1 hisopados que ser\u00e1n enviados al Hospital Posadas.<\/p>\n<p>En cuanto al hospital modular de Mart\u00edn Coronado, s\u00f3lo falta equiparlo y el recurso humano depende de Naci\u00f3n. Quiz\u00e1 est\u00e9 operativo antes que finalice mayo. El intendente destaca asimismo la labor del personal de la Mesa de Febriles que monitorea, por ejemplo, los m\u00e1s de 40 geri\u00e1tricos del distrito.<\/p>\n<p>Conf\u00eda que uno de los aspectos positivos que podr\u00eda dejar esta pandemia es el \u201cfortalecimiento de las ciudades\u201d y una revalorizaci\u00f3n del rol de los jefes comunales.<\/p>\n","protected":false},"excerpt":{"rendered":"<p>A pesar de que ning\u00fan gobierno parece preparado para escapar del derrumbe financiero que trae aparejada la pandemia de Covid 19, algunos ensayan f\u00f3rmulas para minimizar la debacle. Uno de esos casos son los intentos en distritos del Conurbano para evitar una mayor ca\u00edda econ\u00f3mica &#8211; social, y en ese sentido, en Tres de Febrero [&hellip;]<\/p>\n","protected":false},"author":1,"featured_media":14963,"comment_status":"closed","ping_status":"open","sticky":false,"template":"","format":"standard","meta":{"footnotes":""},"categories":[20,48,26],"tags":[83,81,72],"class_list":{"0":"post-14962","1":"post","2":"type-post","3":"status-publish","4":"format-standard","5":"has-post-thumbnail","7":"category-municipios","8":"category-politica-argentina","9":"category-tres-de-febrero","10":"tag-axel-kicillof","11":"tag-coronavirus","12":"tag-diego-valenzuela"},"aioseo_notices":[],"_links":{"self":[{"href":"https:\/\/guiadenoticias.com.ar\/diario\/wp-json\/wp\/v2\/posts\/14962","targetHints":{"allow":["GET"]}}],"collection":[{"href":"https:\/\/guiadenoticias.com.ar\/diario\/wp-json\/wp\/v2\/posts"}],"about":[{"href":"https:\/\/guiadenoticias.com.ar\/diario\/wp-json\/wp\/v2\/types\/post"}],"author":[{"embeddable":true,"href":"https:\/\/guiadenoticias.com.ar\/diario\/wp-json\/wp\/v2\/users\/1"}],"replies":[{"embeddable":true,"href":"https:\/\/guiadenoticias.com.ar\/diario\/wp-json\/wp\/v2\/comments?post=14962"}],"version-history":[{"count":2,"href":"https:\/\/guiadenoticias.com.ar\/diario\/wp-json\/wp\/v2\/posts\/14962\/revisions"}],"predecessor-version":[{"id":14965,"href":"https:\/\/guiadenoticias.com.ar\/diario\/wp-json\/wp\/v2\/posts\/14962\/revisions\/14965"}],"wp:featuredmedia":[{"embeddable":true,"href":"https:\/\/guiadenoticias.com.ar\/diario\/wp-json\/wp\/v2\/media\/14963"}],"wp:attachment":[{"href":"https:\/\/guiadenoticias.com.ar\/diario\/wp-json\/wp\/v2\/media?parent=14962"}],"wp:term":[{"taxonomy":"category","embeddable":true,"href":"https:\/\/guiadenoticias.com.ar\/diario\/wp-json\/wp\/v2\/categories?post=14962"},{"taxonomy":"post_tag","embeddable":true,"href":"https:\/\/guiadenoticias.com.ar\/diario\/wp-json\/wp\/v2\/tags?post=14962"}],"curies":[{"name":"wp","href":"https:\/\/api.w.org\/{rel}","templated":true}]}}