{"id":15040,"date":"2020-05-28T23:15:14","date_gmt":"2020-05-29T02:15:14","guid":{"rendered":"https:\/\/guiadenoticias.com.ar\/diario\/?p=15040"},"modified":"2020-05-28T23:15:14","modified_gmt":"2020-05-29T02:15:14","slug":"recorte-en-la-recoleccion-de-residuos-3f","status":"publish","type":"post","link":"https:\/\/guiadenoticias.com.ar\/diario\/recorte-en-la-recoleccion-de-residuos-3f\/","title":{"rendered":"Recorte en la recolecci\u00f3n de residuos 3F"},"content":{"rendered":"<p>En los \u00faltimos d\u00edas, en distintos barrios de Tres de Febrero hay m\u00e1s basura en la calle. Confluyen h\u00e1bitos poco saludables, \u00e9poca de poda de ramas y un servicio m\u00e1s acotado de la empresa que realiza la recolecci\u00f3n de residuos, Santa Elena.<\/p>\n<p>En un distrito en que se levantan por d\u00eda alrededor de 450 toneladas de residuos, el tema se instal\u00f3 en redes sociales, ya que por el aislamiento social s\u00f3lo est\u00e1n vigentes los mecanismos online para elevar los reclamos. Ciudad Jard\u00edn, Caseros, Ciudadela, Pablo Podest\u00e1, con canastos y esquinas repletas de basura, en un contexto en el cual la higiene cobr\u00f3 especial relevancia.<\/p>\n<p>Hasta el momento, Gu\u00eda de Noticias obtuvo respuesta \u00fanicamente del gremio de Camioneros, desde donde aclararon que \u201cno hay conflicto laboral\u201d. De todos modos, existe un estado de alerta.<\/p>\n<p>En el contrato, que vence en pocos meses, se estipulan una serie de adicionales, que el municipio recort\u00f3 por la ca\u00edda abrupta de la recaudaci\u00f3n y la crisis sanitaria. Son los adicionales vinculados con los feriados y los \u201cpuntos cr\u00edticos\u201d, o sea, esos lugares en donde el cami\u00f3n pasa varias veces al d\u00eda.<\/p>\n<p>Por lo tanto, como no hubo servicio el 25 de mayo, y ante un cumplimiento estricto del convenio del sector, la normalizaci\u00f3n tard\u00f3 en llegar de dos a tres d\u00edas. Pero, el tema no parece cerrado.<\/p>\n","protected":false},"excerpt":{"rendered":"<p>En los \u00faltimos d\u00edas, en distintos barrios de Tres de Febrero hay m\u00e1s basura en la calle. Confluyen h\u00e1bitos poco saludables, \u00e9poca de poda de ramas y un servicio m\u00e1s acotado de la empresa que realiza la recolecci\u00f3n de residuos, Santa Elena. En un distrito en que se levantan por d\u00eda alrededor de 450 toneladas [&hellip;]<\/p>\n","protected":false},"author":1,"featured_media":15041,"comment_status":"closed","ping_status":"open","sticky":false,"template":"","format":"standard","meta":{"footnotes":""},"categories":[20,26],"tags":[72],"class_list":{"0":"post-15040","1":"post","2":"type-post","3":"status-publish","4":"format-standard","5":"has-post-thumbnail","7":"category-municipios","8":"category-tres-de-febrero","9":"tag-diego-valenzuela"},"aioseo_notices":[],"_links":{"self":[{"href":"https:\/\/guiadenoticias.com.ar\/diario\/wp-json\/wp\/v2\/posts\/15040","targetHints":{"allow":["GET"]}}],"collection":[{"href":"https:\/\/guiadenoticias.com.ar\/diario\/wp-json\/wp\/v2\/posts"}],"about":[{"href":"https:\/\/guiadenoticias.com.ar\/diario\/wp-json\/wp\/v2\/types\/post"}],"author":[{"embeddable":true,"href":"https:\/\/guiadenoticias.com.ar\/diario\/wp-json\/wp\/v2\/users\/1"}],"replies":[{"embeddable":true,"href":"https:\/\/guiadenoticias.com.ar\/diario\/wp-json\/wp\/v2\/comments?post=15040"}],"version-history":[{"count":1,"href":"https:\/\/guiadenoticias.com.ar\/diario\/wp-json\/wp\/v2\/posts\/15040\/revisions"}],"predecessor-version":[{"id":15042,"href":"https:\/\/guiadenoticias.com.ar\/diario\/wp-json\/wp\/v2\/posts\/15040\/revisions\/15042"}],"wp:featuredmedia":[{"embeddable":true,"href":"https:\/\/guiadenoticias.com.ar\/diario\/wp-json\/wp\/v2\/media\/15041"}],"wp:attachment":[{"href":"https:\/\/guiadenoticias.com.ar\/diario\/wp-json\/wp\/v2\/media?parent=15040"}],"wp:term":[{"taxonomy":"category","embeddable":true,"href":"https:\/\/guiadenoticias.com.ar\/diario\/wp-json\/wp\/v2\/categories?post=15040"},{"taxonomy":"post_tag","embeddable":true,"href":"https:\/\/guiadenoticias.com.ar\/diario\/wp-json\/wp\/v2\/tags?post=15040"}],"curies":[{"name":"wp","href":"https:\/\/api.w.org\/{rel}","templated":true}]}}