{"id":15096,"date":"2020-06-09T03:12:38","date_gmt":"2020-06-09T06:12:38","guid":{"rendered":"https:\/\/guiadenoticias.com.ar\/diario\/?p=15096"},"modified":"2020-06-09T03:12:38","modified_gmt":"2020-06-09T06:12:38","slug":"el-gobierno-dispuso-la-intervencion-y-expropiacion-de-vicentin","status":"publish","type":"post","link":"https:\/\/guiadenoticias.com.ar\/diario\/el-gobierno-dispuso-la-intervencion-y-expropiacion-de-vicentin\/","title":{"rendered":"El Gobierno dispuso la intervenci\u00f3n y expropiaci\u00f3n de Vicentin"},"content":{"rendered":"<p>Es una decisi\u00f3n \u201cestrat\u00e9gica\u201d que \u201cfavorece para lograr la soberan\u00eda alimentaria que el pa\u00eds necesita\u201d. De esta manera anunci\u00f3 el presidente Alberto Fern\u00e1ndez el rescate del Grupo Vicent\u00edn, uno de los conglomerados alimenticios m\u00e1s importantes de Argentina.<\/p>\n<p>Este grupo, actualmente en concurso de acreedores, se encuentra en medio de una \u201cenorme crisis financiera\u201d, con el Estado como principal acreedor.<\/p>\n<p>La decisi\u00f3n del primer mandatario fue la intervenci\u00f3n del grupo empresario y la designaci\u00f3n de Gabriel Delgado al frente de esta intervenci\u00f3n. Delgado es doctor en finanzas y en econom\u00eda agropecuaria. Se desempe\u00f1\u00f3 como secretario de Agricultura durante la segunda presidencia de Cristina Fern\u00e1ndez de Kirchner. La intervenci\u00f3n desembarcar\u00e1 a partir de este martes.<\/p>\n<p>Asimismo se enviar\u00e1 un proyecto de ley al Congreso disponiendo la expropiaci\u00f3n de la compa\u00f1\u00eda. En el proyecto trabaj\u00f3 el ministro de Desarrollo, Mat\u00edas Kulfas, y la senadora Anabel Sagasti.<\/p>\n<p>Fern\u00e1ndez record\u00f3 que se trata de una empresa l\u00edder en el mercado agropecuario y sostuvo que \u201cel prop\u00f3sito es que contin\u00fae y trabajadores tengan continuidad\u201d, como as\u00ed tambi\u00e9n que \u201calrededor de 2600 productores puedan seguir contando con empresa a quien venderle lo que producen\u201d.<\/p>\n<p>El Presidente remarc\u00f3, \u201ctodos los empleados continuar\u00e1n en sus puestos\u201d. Se trata de una empresa que tiene 1.300 puestos de trabajo directos y a ello se le debe sumar otro tanto de puestos de trabajo indirecto.<\/p>\n<p>El proyecto de ley de expropiaci\u00f3n propondr\u00e1 que el Estado se haga cargo de todo activo del Grupo Vicent\u00edn que se conformar\u00e1 en un fondo fiduciario cuya gesti\u00f3n ser\u00e1 encomendada a YPF Agro, \u201cuna empresa l\u00edder de capitales mixtos\u201d, precis\u00f3 el primer mandatario.<\/p>\n<p>El jefe de Estado, enfatiz\u00f3: \u201cQueremos rescatar (a Vicent\u00edn) en favor de la econom\u00eda argentina\u201d y particularmente para el \u201cmercado de granos y cereales que es un activo muy importante por todo lo que se exporta\u201d. Pero por sobre todo, el Presidente remarc\u00f3 que luego de la pandemia la producci\u00f3n de alimentos ser\u00e1 de \u201csuma importancia\u201d.<\/p>\n<p>Tambi\u00e9n se\u00f1al\u00f3 que el rescate de una empresa de esta magnitud era un reclamo tanto de los productores como del gobierno de la provincia de Santa Fe (donde concentra sus actividades).<\/p>\n<p>Uno de los roles fundamentales que le confiere el Gobierno a esta estatizaci\u00f3n es que es \u201cmuy importante tener una empresa testigo en el mercado de granos como YPF (en el caso de combustibles) que pueda dar se\u00f1ales, pero nada m\u00e1s que eso\u201d, asever\u00f3 el jefe de Estado.<\/p>\n<p>El principal acreedor de Vicent\u00edn es el Banco de la Naci\u00f3n con 18.300 millones de pesos, tambi\u00e9n tiene una deuda con Banco Provincia de Buenos Aires por 1.600 millones de pesos y, adem\u00e1s, es deudora del Estado por cifras millonarias.<\/p>\n<p>Ante las posibles cr\u00edticas al proyecto, Fern\u00e1ndez aclar\u00f3 que se trata de \u201cuna empresa que iba camino a la quiebra, no es una empresa pr\u00f3spera que se nos ha ocurrido expropiar\u201d. Y agreg\u00f3 que \u201clos santafecinos est\u00e1n muy contentos y los argentinos tenemos que estar contentos porque un paso hacia la soberan\u00eda alimentaria\u201d.<\/p>\n","protected":false},"excerpt":{"rendered":"<p>Es una decisi\u00f3n \u201cestrat\u00e9gica\u201d que \u201cfavorece para lograr la soberan\u00eda alimentaria que el pa\u00eds necesita\u201d. De esta manera anunci\u00f3 el presidente Alberto Fern\u00e1ndez el rescate del Grupo Vicent\u00edn, uno de los conglomerados alimenticios m\u00e1s importantes de Argentina. Este grupo, actualmente en concurso de acreedores, se encuentra en medio de una \u201cenorme crisis financiera\u201d, con el [&hellip;]<\/p>\n","protected":false},"author":1,"featured_media":15097,"comment_status":"closed","ping_status":"open","sticky":false,"template":"","format":"standard","meta":{"footnotes":""},"categories":[49,30],"tags":[82],"class_list":{"0":"post-15096","1":"post","2":"type-post","3":"status-publish","4":"format-standard","5":"has-post-thumbnail","7":"category-economia-y-gremiales","8":"category-nacion","9":"tag-alberto-fernandez"},"aioseo_notices":[],"_links":{"self":[{"href":"https:\/\/guiadenoticias.com.ar\/diario\/wp-json\/wp\/v2\/posts\/15096","targetHints":{"allow":["GET"]}}],"collection":[{"href":"https:\/\/guiadenoticias.com.ar\/diario\/wp-json\/wp\/v2\/posts"}],"about":[{"href":"https:\/\/guiadenoticias.com.ar\/diario\/wp-json\/wp\/v2\/types\/post"}],"author":[{"embeddable":true,"href":"https:\/\/guiadenoticias.com.ar\/diario\/wp-json\/wp\/v2\/users\/1"}],"replies":[{"embeddable":true,"href":"https:\/\/guiadenoticias.com.ar\/diario\/wp-json\/wp\/v2\/comments?post=15096"}],"version-history":[{"count":1,"href":"https:\/\/guiadenoticias.com.ar\/diario\/wp-json\/wp\/v2\/posts\/15096\/revisions"}],"predecessor-version":[{"id":15098,"href":"https:\/\/guiadenoticias.com.ar\/diario\/wp-json\/wp\/v2\/posts\/15096\/revisions\/15098"}],"wp:featuredmedia":[{"embeddable":true,"href":"https:\/\/guiadenoticias.com.ar\/diario\/wp-json\/wp\/v2\/media\/15097"}],"wp:attachment":[{"href":"https:\/\/guiadenoticias.com.ar\/diario\/wp-json\/wp\/v2\/media?parent=15096"}],"wp:term":[{"taxonomy":"category","embeddable":true,"href":"https:\/\/guiadenoticias.com.ar\/diario\/wp-json\/wp\/v2\/categories?post=15096"},{"taxonomy":"post_tag","embeddable":true,"href":"https:\/\/guiadenoticias.com.ar\/diario\/wp-json\/wp\/v2\/tags?post=15096"}],"curies":[{"name":"wp","href":"https:\/\/api.w.org\/{rel}","templated":true}]}}