{"id":15153,"date":"2020-06-18T02:32:21","date_gmt":"2020-06-18T05:32:21","guid":{"rendered":"https:\/\/guiadenoticias.com.ar\/diario\/?p=15153"},"modified":"2020-06-20T01:04:29","modified_gmt":"2020-06-20T04:04:29","slug":"achilli-durante-la-cuarentena-hay-poca-presencia-municipal","status":"publish","type":"post","link":"https:\/\/guiadenoticias.com.ar\/diario\/achilli-durante-la-cuarentena-hay-poca-presencia-municipal\/","title":{"rendered":"Achilli: \u201cDurante la cuarentena hay poca presencia municipal\u201d"},"content":{"rendered":"<p>Diego Achilli, concejal del Frente de Todos &#8211; PJ de Tres de Febrero, mantiene tanto en el recinto como en su actividad diaria diferencias con el gobierno local encabezado por Diego Valenzuela. \u201cEs una gesti\u00f3n con mucho medio de comunicaci\u00f3n, pero con poco territorio, poco trabajo cercano\u201d, indic\u00f3 en di\u00e1logo con Gu\u00eda de Noticias.<\/p>\n<p>Sobre la coyuntura atravesada por la pandemia del Covid 19, estim\u00f3 que \u201cdurante la cuarentena hay poca presencia municipal. Pas\u00f3 lo mismo cuando se llev\u00f3 comida a los barrios m\u00e1s vulnerables. A muchos lugares el municipio no llega\u201d.<\/p>\n<p>El tambi\u00e9n empresario del rubro de alimentaci\u00f3n record\u00f3 que el espacio pol\u00edtico que integra solicit\u00f3 una mesa de amplia convocatoria en torno al trabajo y la producci\u00f3n. \u201cHace tres meses lo pedimos y no lo conseguimos. En el d\u00eda a d\u00eda es muy dif\u00edcil tener un canal de di\u00e1logo y resolver algo\u201d.<\/p>\n<p>Consultado por la \u00faltima sesi\u00f3n ordinaria, el edil destac\u00f3 el tratamiento del tema del Servicio Alimentario Escolar. \u201cHubo un problema de contaminaci\u00f3n de un producto (galletitas), estoy convencido de que la responsabilidad es del municipio, de la Secretar\u00eda de Educaci\u00f3n que est\u00e1 a cargo del servicio, porque no se tomaron los recaudos; existen protocolos, est\u00e1 el \u00e1rea de Bromatolog\u00eda para controlar los alimentos\u201d, remarc\u00f3.<\/p>\n<p>Otro punto en el cual se detuvo la oposici\u00f3n fue el funcionamiento del Same y, especialmente, los reclamos por falta de equipamiento. Cabe destacar que se conoci\u00f3 en los \u00faltimos d\u00edas que hay cinco trabajadores infectados con coronavirus.<\/p>\n<p>Achilli protagoniz\u00f3 junto con M\u00e1ximo Rodr\u00edguez, presidente de bloque, un cruce con el oficialismo que los acus\u00f3 de querer ingresar sin permiso al hospital de campa\u00f1a dispuesto en el Cedem. El concejal coment\u00f3 al respecto: \u201cUna vecina all\u00ed aislada pidi\u00f3 ayuda porque le hab\u00edan quitado algunas pertenencias, como el tel\u00e9fono, dej\u00e1ndola incomunicada\u201d. De todos modos, aclar\u00f3 que \u201cs\u00f3lo nos acercamos al port\u00f3n e hicimos la consulta. La respuesta que nos dieron no fue l\u00f3gica\u201d.<\/p>\n<p>El aspecto financiero ocupa tambi\u00e9n parte de la agenda. En ese sentido mencion\u00f3 que \u201cest\u00e1bamos conformes que el intendente tom\u00f3 una iniciativa nuestra, con la firma de un decreto, que era no cobrar los m\u00ednimos de la tasa de Seguridad e Higiene a los comercios peque\u00f1os que estuvieron cerrados\u201d, aunque aclar\u00f3 que desconoce los alcances de la medida, ya que el proyecto no fue tratado en el Concejo.<\/p>\n<p>\u201cNosotros no queremos desfinanciar al municipio. Llevamos propuestas, como ocurre en otros distritos, para que se cobren tasas diferenciadas a bancos y comercios de grandes superficies\u201d, se\u00f1al\u00f3, sin embargo a\u00f1adi\u00f3, \u201clamentablemente no tenemos participaci\u00f3n, no se nos escucha\u201d.<\/p>\n<p>En otro orden, Malena Galmarini, presidenta de Aysa, visit\u00f3 la semana anterior el Barrio Ej\u00e9rcito de los Andes. Achilli, quien particip\u00f3 de la actividad junto con otros referentes del Frente de Todos &#8211; PJ, opin\u00f3 que \u201ces un momento para estar presente, caminar el territorio. La idea es resolver problemas en los barrios\u201d.<\/p>\n","protected":false},"excerpt":{"rendered":"<p>Diego Achilli, concejal del Frente de Todos &#8211; PJ de Tres de Febrero, mantiene tanto en el recinto como en su actividad diaria diferencias con el gobierno local encabezado por Diego Valenzuela. \u201cEs una gesti\u00f3n con mucho medio de comunicaci\u00f3n, pero con poco territorio, poco trabajo cercano\u201d, indic\u00f3 en di\u00e1logo con Gu\u00eda de Noticias. Sobre [&hellip;]<\/p>\n","protected":false},"author":1,"featured_media":15154,"comment_status":"closed","ping_status":"open","sticky":false,"template":"","format":"standard","meta":{"footnotes":""},"categories":[70,20,48,26],"tags":[104],"class_list":{"0":"post-15153","1":"post","2":"type-post","3":"status-publish","4":"format-standard","5":"has-post-thumbnail","7":"category-las-mas-leidas","8":"category-municipios","9":"category-politica-argentina","10":"category-tres-de-febrero","11":"tag-frente-de-todos"},"aioseo_notices":[],"_links":{"self":[{"href":"https:\/\/guiadenoticias.com.ar\/diario\/wp-json\/wp\/v2\/posts\/15153","targetHints":{"allow":["GET"]}}],"collection":[{"href":"https:\/\/guiadenoticias.com.ar\/diario\/wp-json\/wp\/v2\/posts"}],"about":[{"href":"https:\/\/guiadenoticias.com.ar\/diario\/wp-json\/wp\/v2\/types\/post"}],"author":[{"embeddable":true,"href":"https:\/\/guiadenoticias.com.ar\/diario\/wp-json\/wp\/v2\/users\/1"}],"replies":[{"embeddable":true,"href":"https:\/\/guiadenoticias.com.ar\/diario\/wp-json\/wp\/v2\/comments?post=15153"}],"version-history":[{"count":1,"href":"https:\/\/guiadenoticias.com.ar\/diario\/wp-json\/wp\/v2\/posts\/15153\/revisions"}],"predecessor-version":[{"id":15155,"href":"https:\/\/guiadenoticias.com.ar\/diario\/wp-json\/wp\/v2\/posts\/15153\/revisions\/15155"}],"wp:featuredmedia":[{"embeddable":true,"href":"https:\/\/guiadenoticias.com.ar\/diario\/wp-json\/wp\/v2\/media\/15154"}],"wp:attachment":[{"href":"https:\/\/guiadenoticias.com.ar\/diario\/wp-json\/wp\/v2\/media?parent=15153"}],"wp:term":[{"taxonomy":"category","embeddable":true,"href":"https:\/\/guiadenoticias.com.ar\/diario\/wp-json\/wp\/v2\/categories?post=15153"},{"taxonomy":"post_tag","embeddable":true,"href":"https:\/\/guiadenoticias.com.ar\/diario\/wp-json\/wp\/v2\/tags?post=15153"}],"curies":[{"name":"wp","href":"https:\/\/api.w.org\/{rel}","templated":true}]}}