{"id":15260,"date":"2020-06-27T00:54:09","date_gmt":"2020-06-27T03:54:09","guid":{"rendered":"https:\/\/guiadenoticias.com.ar\/diario\/?p=15260"},"modified":"2020-06-27T00:54:09","modified_gmt":"2020-06-27T03:54:09","slug":"llego-el-anuncio-mas-anunciado-cuarentena-estricta-para-el-amba","status":"publish","type":"post","link":"https:\/\/guiadenoticias.com.ar\/diario\/llego-el-anuncio-mas-anunciado-cuarentena-estricta-para-el-amba\/","title":{"rendered":"Lleg\u00f3 el anuncio m\u00e1s anunciado: cuarentena estricta para el AMBA"},"content":{"rendered":"<p>Con un tono emp\u00e1tico y un llamado a la responsabilidad social y a \u00abestar m\u00e1s unidos que nunca\u00bb, Alberto Fern\u00e1ndez anunci\u00f3 este viernes que desde el 1\u00ba al 17 de julio se implementar\u00e1 una cuarentena casi total en el \u00e1rea metropolitana de Buenos Aires (AMBA), con salidas \u00fanicamente para cubrir necesidades b\u00e1sicas. Estar\u00e1n habilitados para trabajar los rubros esenciales que figuraban en el primer DNU de marzo.<\/p>\n<p>A casi cien d\u00edas del inicio del aislamiento, el Presidente dijo, \u00abno saben cu\u00e1nto valoro la libertad. Pero para ser libres hay que vivir. Cuidemos la vida, esto es lo que debemos hacer ahora\u00bb. A su lado, en el quincho de la quinta de Olivos, estaban otra vez el jefe de Gobierno porte\u00f1o, Horacio Rodr\u00edguez Larreta, y el gobernador bonaerense, Axel Kicillof. Fue un comunicado grabado y editado de casi una hora, que tuvo algunos problemas de sonido.<\/p>\n<p>El mandatario, en tanto, anunci\u00f3 que ampliar\u00e1n el nivel de testeos mediante los operativos Detectar, que implica una b\u00fasqueda activa de casos sospechosos y medidas de aislamiento.<\/p>\n<p>A partir del 1\u00ba de julio s\u00f3lo podr\u00e1n seguir trabajando los 24 rubros esenciales que estuvieron habilitados en el primer DNU del 20 de marzo. Las actividades y personas habilitadas son, entre otras: el personal de Salud, las fuerzas de seguridad, las personas que deban asistir a otras con discapacidad, a familiares o a personas mayores; el personal que se desempe\u00f1a en los servicios de comunicaci\u00f3n; los supermercados; la industria alimenticia; la actividad agropecuaria y el reparto a domicilio.<\/p>\n<p>Estos rubros esenciales deber\u00e1n volver a tramitar el lunes su permiso en la app Cuidar y desde entonces ser\u00e1n los \u00fanicos que podr\u00e1n utilizar el transporte p\u00fablico. Los comercios no esenciales no podr\u00e1n abrir sus puertas.<\/p>\n<p>En el caso de las industrias del Gran Buenos Aires, en tanto, se mantendr\u00e1n los sectores productivos esenciales, los parques industriales, las industrias de proceso continuo, y los sectores vinculados con la exportaci\u00f3n. Todos deber\u00e1n procurar transporte propio y tener protocolos sanitarios.<\/p>\n<p>En la Ciudad, la actividad deportiva quedar\u00e1 suspendida. Rodr\u00edguez Larreta finalmente cedi\u00f3 a ese pedido para dar una se\u00f1al clara a la poblaci\u00f3n. S\u00ed seguir\u00e1n vigentes en Capital Federal las salidas recreativas con ni\u00f1os durante el fin de semana.<\/p>\n<p>\u00abEstamos dando una batalla en conjunto, hemos dejado a un costado toda diferencia pol\u00edtica. Les pido que entiendan y les pido que nos ayuden\u00bb, dijo Fern\u00e1ndez, que en varios pasajes de su discurso asegur\u00f3 \u00abcomprender\u00bb el agobio que la cuarentena provoca en los bolsillos. \u00abSabemos que tiene un impacto econ\u00f3mico, no soy un necio\u00bb, asegur\u00f3.<\/p>\n<p>A su turno, Rodr\u00edguez Larreta le dio a las medidas un car\u00e1cter de \u00faltimo esfuerzo. \u00abVimos en otras ciudades que, a partir de que se hace una restricci\u00f3n m\u00e1s dura y con mayor testeo, en muchos casos la curva empieza a dar la vuelta y logra que los contagios bajen\u00bb, dijo, con la intenci\u00f3n de mostrar un horizonte de salida.<\/p>\n<p>M\u00e1s moderado que en otras ocasiones, Kicillof agreg\u00f3: \u00abSi hubi\u00e9ramos seguido el camino de Brasil o Chile, aunque las comparaciones sean odiosas, hoy en Argentina tendr\u00edamos entre 250 mil y 600 mil contagios\u00bb. \u00abTenemos que vaciar las calles, volver a quedarnos en casa\u00bb, se\u00f1al\u00f3.<\/p>\n<p>Para evitar un \u00ablimbo\u00bb el 29 y 30 de junio, un nuevo DNU el lunes prorrogar\u00e1 el ASPO para \u00e1rea metropolitana. El decreto ir\u00e1 acompa\u00f1ado de fuertes operativos de tr\u00e1nsito. Pero las nuevas restricciones entrar\u00e1n en vigencia desde el mi\u00e9rcoles. Algunos funcionarios evaluaron necesario dejar dos d\u00edas \u00abpuente\u00bb para reforzar la comunicaci\u00f3n de las medidas y para \u00abensayar\u00bb la instrumentaci\u00f3n y el control policial.<\/p>\n<p>El Presidente adjunt\u00f3 al mensaje de la nueva cuarentena, al que bautiz\u00f3 como \u00abplan de acci\u00f3n\u00bb, una serie de anuncios econ\u00f3micos, algo que no hab\u00eda hecho en ocasiones anteriores. Fern\u00e1ndez dijo que el programa de Asistencia al Trabajo y la Producci\u00f3n (ATP) aplicar\u00e1 para los sueldos de junio en el caso de las empresas del AMBA y que el Ingreso Familiar de Emergencia (IFE) de 10 mil pesos para los sectores de menores ingresos tambi\u00e9n se prorrogar\u00e1 en los casos del AMBA y Chaco, las zonas con mayores contagios de coronavirus. No especific\u00f3 que pasar\u00e1 con el IFE en el resto del territorio nacional.<\/p>\n","protected":false},"excerpt":{"rendered":"<p>Con un tono emp\u00e1tico y un llamado a la responsabilidad social y a \u00abestar m\u00e1s unidos que nunca\u00bb, Alberto Fern\u00e1ndez anunci\u00f3 este viernes que desde el 1\u00ba al 17 de julio se implementar\u00e1 una cuarentena casi total en el \u00e1rea metropolitana de Buenos Aires (AMBA), con salidas \u00fanicamente para cubrir necesidades b\u00e1sicas. Estar\u00e1n habilitados para [&hellip;]<\/p>\n","protected":false},"author":1,"featured_media":15261,"comment_status":"closed","ping_status":"open","sticky":false,"template":"","format":"standard","meta":{"footnotes":""},"categories":[30,48],"tags":[82,83,81,95],"class_list":{"0":"post-15260","1":"post","2":"type-post","3":"status-publish","4":"format-standard","5":"has-post-thumbnail","7":"category-nacion","8":"category-politica-argentina","9":"tag-alberto-fernandez","10":"tag-axel-kicillof","11":"tag-coronavirus","12":"tag-horacio-rodriguez-larreta"},"aioseo_notices":[],"_links":{"self":[{"href":"https:\/\/guiadenoticias.com.ar\/diario\/wp-json\/wp\/v2\/posts\/15260","targetHints":{"allow":["GET"]}}],"collection":[{"href":"https:\/\/guiadenoticias.com.ar\/diario\/wp-json\/wp\/v2\/posts"}],"about":[{"href":"https:\/\/guiadenoticias.com.ar\/diario\/wp-json\/wp\/v2\/types\/post"}],"author":[{"embeddable":true,"href":"https:\/\/guiadenoticias.com.ar\/diario\/wp-json\/wp\/v2\/users\/1"}],"replies":[{"embeddable":true,"href":"https:\/\/guiadenoticias.com.ar\/diario\/wp-json\/wp\/v2\/comments?post=15260"}],"version-history":[{"count":1,"href":"https:\/\/guiadenoticias.com.ar\/diario\/wp-json\/wp\/v2\/posts\/15260\/revisions"}],"predecessor-version":[{"id":15262,"href":"https:\/\/guiadenoticias.com.ar\/diario\/wp-json\/wp\/v2\/posts\/15260\/revisions\/15262"}],"wp:featuredmedia":[{"embeddable":true,"href":"https:\/\/guiadenoticias.com.ar\/diario\/wp-json\/wp\/v2\/media\/15261"}],"wp:attachment":[{"href":"https:\/\/guiadenoticias.com.ar\/diario\/wp-json\/wp\/v2\/media?parent=15260"}],"wp:term":[{"taxonomy":"category","embeddable":true,"href":"https:\/\/guiadenoticias.com.ar\/diario\/wp-json\/wp\/v2\/categories?post=15260"},{"taxonomy":"post_tag","embeddable":true,"href":"https:\/\/guiadenoticias.com.ar\/diario\/wp-json\/wp\/v2\/tags?post=15260"}],"curies":[{"name":"wp","href":"https:\/\/api.w.org\/{rel}","templated":true}]}}