{"id":15267,"date":"2020-06-28T21:04:13","date_gmt":"2020-06-29T00:04:13","guid":{"rendered":"https:\/\/guiadenoticias.com.ar\/diario\/?p=15267"},"modified":"2020-06-28T21:04:13","modified_gmt":"2020-06-29T00:04:13","slug":"clausuraron-geriatrico-por-tres-casos-de-coronavirus","status":"publish","type":"post","link":"https:\/\/guiadenoticias.com.ar\/diario\/clausuraron-geriatrico-por-tres-casos-de-coronavirus\/","title":{"rendered":"Clausuraron geri\u00e1trico por tres casos de coronavirus"},"content":{"rendered":"<p>Despu\u00e9s de un operativo de control, el municipio de San Isidro detect\u00f3 tres casos de coronavirus en el geri\u00e1trico \u201cEl Carmen\u201d, ubicado en Mart\u00ednez.<\/p>\n<p>Tras el traslado de todos los adultos mayores con los protocolos correspondientes y dejarlos aislados a la espera de los resultados, se clausur\u00f3 el establecimiento para realizar la correspondiente desinfecci\u00f3n.<\/p>\n<p>Aunque la autoridad de aplicaci\u00f3n de las normas de todos los geri\u00e1tricos -y su habilitaci\u00f3n- en el distrito es el \u00e1rea de Fiscalizaci\u00f3n Sanitaria del Ministerio de Salud de Buenos Aires, el municipio colabora con necesidades log\u00edsticas y dando charlas sobre bioseguridad durante la pandemia.<\/p>\n<p>La Comuna gener\u00f3 un grupo con 30 directores de geri\u00e1tricos. All\u00ed, les comparte los protocolos que la Provincia ha delineado para este tipo de establecimientos. Tambi\u00e9n colabora con la vacunaci\u00f3n de adultos mayores.<\/p>\n","protected":false},"excerpt":{"rendered":"<p>Despu\u00e9s de un operativo de control, el municipio de San Isidro detect\u00f3 tres casos de coronavirus en el geri\u00e1trico \u201cEl Carmen\u201d, ubicado en Mart\u00ednez. Tras el traslado de todos los adultos mayores con los protocolos correspondientes y dejarlos aislados a la espera de los resultados, se clausur\u00f3 el establecimiento para realizar la correspondiente desinfecci\u00f3n. Aunque [&hellip;]<\/p>\n","protected":false},"author":1,"featured_media":15268,"comment_status":"closed","ping_status":"open","sticky":false,"template":"","format":"standard","meta":{"footnotes":""},"categories":[20,21],"tags":[81],"class_list":{"0":"post-15267","1":"post","2":"type-post","3":"status-publish","4":"format-standard","5":"has-post-thumbnail","7":"category-municipios","8":"category-san-isidro","9":"tag-coronavirus"},"aioseo_notices":[],"_links":{"self":[{"href":"https:\/\/guiadenoticias.com.ar\/diario\/wp-json\/wp\/v2\/posts\/15267","targetHints":{"allow":["GET"]}}],"collection":[{"href":"https:\/\/guiadenoticias.com.ar\/diario\/wp-json\/wp\/v2\/posts"}],"about":[{"href":"https:\/\/guiadenoticias.com.ar\/diario\/wp-json\/wp\/v2\/types\/post"}],"author":[{"embeddable":true,"href":"https:\/\/guiadenoticias.com.ar\/diario\/wp-json\/wp\/v2\/users\/1"}],"replies":[{"embeddable":true,"href":"https:\/\/guiadenoticias.com.ar\/diario\/wp-json\/wp\/v2\/comments?post=15267"}],"version-history":[{"count":1,"href":"https:\/\/guiadenoticias.com.ar\/diario\/wp-json\/wp\/v2\/posts\/15267\/revisions"}],"predecessor-version":[{"id":15269,"href":"https:\/\/guiadenoticias.com.ar\/diario\/wp-json\/wp\/v2\/posts\/15267\/revisions\/15269"}],"wp:featuredmedia":[{"embeddable":true,"href":"https:\/\/guiadenoticias.com.ar\/diario\/wp-json\/wp\/v2\/media\/15268"}],"wp:attachment":[{"href":"https:\/\/guiadenoticias.com.ar\/diario\/wp-json\/wp\/v2\/media?parent=15267"}],"wp:term":[{"taxonomy":"category","embeddable":true,"href":"https:\/\/guiadenoticias.com.ar\/diario\/wp-json\/wp\/v2\/categories?post=15267"},{"taxonomy":"post_tag","embeddable":true,"href":"https:\/\/guiadenoticias.com.ar\/diario\/wp-json\/wp\/v2\/tags?post=15267"}],"curies":[{"name":"wp","href":"https:\/\/api.w.org\/{rel}","templated":true}]}}