{"id":15288,"date":"2020-07-01T03:05:50","date_gmt":"2020-07-01T06:05:50","guid":{"rendered":"https:\/\/guiadenoticias.com.ar\/diario\/?p=15288"},"modified":"2020-07-01T03:05:50","modified_gmt":"2020-07-01T06:05:50","slug":"eximen-del-pago-de-seguridad-e-higiene-a-comercios-no-esenciales","status":"publish","type":"post","link":"https:\/\/guiadenoticias.com.ar\/diario\/eximen-del-pago-de-seguridad-e-higiene-a-comercios-no-esenciales\/","title":{"rendered":"Eximen del pago de Seguridad e Higiene a comercios no esenciales"},"content":{"rendered":"<p>El intendente de Tres de Febrero, Diego Valenzuela, promulg\u00f3 una Ordenanza que exime del pago de la Tasa de Seguridad e Higiene a las actividades comerciales no exceptuadas durante el Aislamiento Social, Preventivo y Obligatorio decretado por el gobierno nacional. La medida tendr\u00e1 vigencia mientras rija la emergencia sanitaria, social y alimentaria, y corresponde a los comercios cuya facturaci\u00f3n anual no supere los 5 millones de pesos.<\/p>\n<p>\u201cEs momento de apoyar a nuestras peque\u00f1as empresas y a los comerciantes, que son el motor de nuestros barrios, sobretodo en este momento dif\u00edcil que vivimos por la pandemia y la imposibilidad de trabajar de algunos sectores\u201d, se\u00f1al\u00f3 el jefe comunal, y agreg\u00f3 que \u201cnuestra prioridad es cuidar la salud de nuestra comunidad, pero tambi\u00e9n apoyar a los comercios y a todo el sector que crea puestos de trabajo para los vecinos\u201d.<\/p>\n<p>Desde el inicio de la cuarentena decretada en marzo por Naci\u00f3n, la Municipalidad de Tres de Febrero apoya a los comercios que no pudieron trabajar en alguna etapa del ASPO. En mayo, se implement\u00f3 un esquema solidario en la redistribuci\u00f3n del impuesto con una reducci\u00f3n del 30% para 2500 Pymes y comercios afectados por la cuarentena. Debido a la profundizaci\u00f3n de la crisis econ\u00f3mica, ahora se tom\u00f3 la decisi\u00f3n de bonificar el 100% de la tasa.<\/p>\n<p>Adem\u00e1s, para acompa\u00f1ar a los comercios que hoy no pueden trabajar, el municipio cre\u00f3 la plataforma \u201cCompr\u00e1 en 3F\u201d (www. compraen3f.com.ar), una red de negocios con entrega por delivery y con la posibilidad de comprar vouchers a futuro para ayudar a comercios que venden servicios.<\/p>\n","protected":false},"excerpt":{"rendered":"<p>El intendente de Tres de Febrero, Diego Valenzuela, promulg\u00f3 una Ordenanza que exime del pago de la Tasa de Seguridad e Higiene a las actividades comerciales no exceptuadas durante el Aislamiento Social, Preventivo y Obligatorio decretado por el gobierno nacional. La medida tendr\u00e1 vigencia mientras rija la emergencia sanitaria, social y alimentaria, y corresponde a [&hellip;]<\/p>\n","protected":false},"author":1,"featured_media":15289,"comment_status":"closed","ping_status":"open","sticky":false,"template":"","format":"standard","meta":{"footnotes":""},"categories":[20,26],"tags":[72],"class_list":{"0":"post-15288","1":"post","2":"type-post","3":"status-publish","4":"format-standard","5":"has-post-thumbnail","7":"category-municipios","8":"category-tres-de-febrero","9":"tag-diego-valenzuela"},"aioseo_notices":[],"_links":{"self":[{"href":"https:\/\/guiadenoticias.com.ar\/diario\/wp-json\/wp\/v2\/posts\/15288","targetHints":{"allow":["GET"]}}],"collection":[{"href":"https:\/\/guiadenoticias.com.ar\/diario\/wp-json\/wp\/v2\/posts"}],"about":[{"href":"https:\/\/guiadenoticias.com.ar\/diario\/wp-json\/wp\/v2\/types\/post"}],"author":[{"embeddable":true,"href":"https:\/\/guiadenoticias.com.ar\/diario\/wp-json\/wp\/v2\/users\/1"}],"replies":[{"embeddable":true,"href":"https:\/\/guiadenoticias.com.ar\/diario\/wp-json\/wp\/v2\/comments?post=15288"}],"version-history":[{"count":1,"href":"https:\/\/guiadenoticias.com.ar\/diario\/wp-json\/wp\/v2\/posts\/15288\/revisions"}],"predecessor-version":[{"id":15290,"href":"https:\/\/guiadenoticias.com.ar\/diario\/wp-json\/wp\/v2\/posts\/15288\/revisions\/15290"}],"wp:featuredmedia":[{"embeddable":true,"href":"https:\/\/guiadenoticias.com.ar\/diario\/wp-json\/wp\/v2\/media\/15289"}],"wp:attachment":[{"href":"https:\/\/guiadenoticias.com.ar\/diario\/wp-json\/wp\/v2\/media?parent=15288"}],"wp:term":[{"taxonomy":"category","embeddable":true,"href":"https:\/\/guiadenoticias.com.ar\/diario\/wp-json\/wp\/v2\/categories?post=15288"},{"taxonomy":"post_tag","embeddable":true,"href":"https:\/\/guiadenoticias.com.ar\/diario\/wp-json\/wp\/v2\/tags?post=15288"}],"curies":[{"name":"wp","href":"https:\/\/api.w.org\/{rel}","templated":true}]}}