{"id":15294,"date":"2020-07-02T02:15:51","date_gmt":"2020-07-02T05:15:51","guid":{"rendered":"https:\/\/guiadenoticias.com.ar\/diario\/?p=15294"},"modified":"2020-07-02T02:18:18","modified_gmt":"2020-07-02T05:18:18","slug":"el-concejo-3f-aprobo-rendicion-de-cuentas-con-los-votos-oficialistas","status":"publish","type":"post","link":"https:\/\/guiadenoticias.com.ar\/diario\/el-concejo-3f-aprobo-rendicion-de-cuentas-con-los-votos-oficialistas\/","title":{"rendered":"El Concejo 3F aprob\u00f3 Rendici\u00f3n de Cuentas con los votos oficialistas"},"content":{"rendered":"<p>Un d\u00eda antes de que entre en vigencia el nuevo endurecimiento de la cuarentena por el coronavirus, el Concejo Deliberante de Tres de Febrero trat\u00f3 la Rendici\u00f3n de Cuentas del ejercicio 2019. La votaci\u00f3n result\u00f3 por la afirmativa con las 12 manos oficialistas, 7 votos negativos del Frente de Todos \u2013 PJ (que present\u00f3 despacho de minor\u00eda) y la abstenci\u00f3n de Mart\u00edn Jofr\u00e9. Cuatro ediles estuvieron ausentes por motivos personales.<\/p>\n<p>El miembro informante de Juntos por el Cambio fue Juan Carlos Berns, presidente de la Comisi\u00f3n de Hacienda. El ejercicio, con recursos percibidos cercanos a los 4 mil millones, cerr\u00f3 con un super\u00e1vit de 26.588.100 pesos. Y qued\u00f3 una deuda flotante por poco m\u00e1s de 54 millones, que pas\u00f3 a este a\u00f1o. Los n\u00fameros cayeron hacia fin de a\u00f1o por la merma en el giro de aportes nacionales.<\/p>\n<p>En cuanto a la composici\u00f3n del gasto, donde est\u00e1 incluido el propio HCD &#8211; presidido por Sergio Iacovino -, 67% va a gasto social, 24% a gastos administrativos y 6% a seguridad. Si se contin\u00faa el desglose, las partidas m\u00e1s grandes corresponden a Higiene Urbana y a Personal.<\/p>\n<p>Desde la oposici\u00f3n realizaron varias observaciones. En principio se\u00f1alaron un aumento del gasto con un fin electoral. En contraposici\u00f3n hicieron menci\u00f3n a subejecuciones en \u00e1reas como Salud y Seguridad. Tambi\u00e9n pusieron la lupa en Desarrollo Social y en el abordaje de cuestiones de g\u00e9nero.<\/p>\n<p>Ante las cr\u00edticas por la falta de informaci\u00f3n respaldatoria, desde el oficialismo respondieron que la oposici\u00f3n s\u00f3lo us\u00f3 la tercera parte del tiempo asignado para revisar la documentaci\u00f3n.<\/p>\n","protected":false},"excerpt":{"rendered":"<p>Un d\u00eda antes de que entre en vigencia el nuevo endurecimiento de la cuarentena por el coronavirus, el Concejo Deliberante de Tres de Febrero trat\u00f3 la Rendici\u00f3n de Cuentas del ejercicio 2019. La votaci\u00f3n result\u00f3 por la afirmativa con las 12 manos oficialistas, 7 votos negativos del Frente de Todos \u2013 PJ (que present\u00f3 despacho [&hellip;]<\/p>\n","protected":false},"author":1,"featured_media":15295,"comment_status":"closed","ping_status":"open","sticky":false,"template":"","format":"standard","meta":{"footnotes":""},"categories":[20,48,26],"tags":[72],"class_list":{"0":"post-15294","1":"post","2":"type-post","3":"status-publish","4":"format-standard","5":"has-post-thumbnail","7":"category-municipios","8":"category-politica-argentina","9":"category-tres-de-febrero","10":"tag-diego-valenzuela"},"aioseo_notices":[],"_links":{"self":[{"href":"https:\/\/guiadenoticias.com.ar\/diario\/wp-json\/wp\/v2\/posts\/15294","targetHints":{"allow":["GET"]}}],"collection":[{"href":"https:\/\/guiadenoticias.com.ar\/diario\/wp-json\/wp\/v2\/posts"}],"about":[{"href":"https:\/\/guiadenoticias.com.ar\/diario\/wp-json\/wp\/v2\/types\/post"}],"author":[{"embeddable":true,"href":"https:\/\/guiadenoticias.com.ar\/diario\/wp-json\/wp\/v2\/users\/1"}],"replies":[{"embeddable":true,"href":"https:\/\/guiadenoticias.com.ar\/diario\/wp-json\/wp\/v2\/comments?post=15294"}],"version-history":[{"count":1,"href":"https:\/\/guiadenoticias.com.ar\/diario\/wp-json\/wp\/v2\/posts\/15294\/revisions"}],"predecessor-version":[{"id":15296,"href":"https:\/\/guiadenoticias.com.ar\/diario\/wp-json\/wp\/v2\/posts\/15294\/revisions\/15296"}],"wp:featuredmedia":[{"embeddable":true,"href":"https:\/\/guiadenoticias.com.ar\/diario\/wp-json\/wp\/v2\/media\/15295"}],"wp:attachment":[{"href":"https:\/\/guiadenoticias.com.ar\/diario\/wp-json\/wp\/v2\/media?parent=15294"}],"wp:term":[{"taxonomy":"category","embeddable":true,"href":"https:\/\/guiadenoticias.com.ar\/diario\/wp-json\/wp\/v2\/categories?post=15294"},{"taxonomy":"post_tag","embeddable":true,"href":"https:\/\/guiadenoticias.com.ar\/diario\/wp-json\/wp\/v2\/tags?post=15294"}],"curies":[{"name":"wp","href":"https:\/\/api.w.org\/{rel}","templated":true}]}}