{"id":15314,"date":"2020-07-06T16:11:09","date_gmt":"2020-07-06T19:11:09","guid":{"rendered":"https:\/\/guiadenoticias.com.ar\/diario\/?p=15314"},"modified":"2020-07-06T16:20:31","modified_gmt":"2020-07-06T19:20:31","slug":"cambios-en-salud-en-medio-de-la-pandemia","status":"publish","type":"post","link":"https:\/\/guiadenoticias.com.ar\/diario\/cambios-en-salud-en-medio-de-la-pandemia\/","title":{"rendered":"Cambios en Salud en medio de la pandemia"},"content":{"rendered":"<p>El secretario de Salud de Ituzaing\u00f3, Alberto Pannosian, dej\u00f3 su cargo sin mayores explicaciones p\u00fablicas, y en el marco de una nueva cuarentena estricta. La \u00faltima semana, el distrito super\u00f3 los 300 contagiados de Covid 19, con 15 personas fallecidas.<\/p>\n<p>Seg\u00fan trascendi\u00f3, el ex funcionario ten\u00eda diferencias con Pablo Descalzo, jefe de Gabinete y virtual intendente en estos meses.<\/p>\n<p>En lugar de Pannosian qued\u00f3 su segundo, Ricardo Pardo, cirujano, emergent\u00f3logo, de vasta trayectoria en Moreno. Entre otras cosas, el m\u00e9dico tiene por delante continuar con la puesta a punto del Hospital del Bicentenario.<\/p>\n<p>La \u00fanica referencia al tema de parte de Alberto Descalzo fue el 4 de julio, con un tweet en el que se\u00f1al\u00f3, \u201cquiero agradecerle por el compromiso y la vocaci\u00f3n que ha tenido el doctor Alberto Pannosian durante su gesti\u00f3n en nuestro querido Ituzaing\u00f3. Como ya es de p\u00fablico conocimiento, d\u00edas pasados present\u00f3 su renuncia al cargo de secretario de Salud, siendo esta una decisi\u00f3n personal\u201d.<\/p>\n","protected":false},"excerpt":{"rendered":"<p>El secretario de Salud de Ituzaing\u00f3, Alberto Pannosian, dej\u00f3 su cargo sin mayores explicaciones p\u00fablicas, y en el marco de una nueva cuarentena estricta. La \u00faltima semana, el distrito super\u00f3 los 300 contagiados de Covid 19, con 15 personas fallecidas. Seg\u00fan trascendi\u00f3, el ex funcionario ten\u00eda diferencias con Pablo Descalzo, jefe de Gabinete y virtual [&hellip;]<\/p>\n","protected":false},"author":1,"featured_media":15318,"comment_status":"closed","ping_status":"open","sticky":false,"template":"","format":"standard","meta":{"footnotes":""},"categories":[29,20],"tags":[77],"class_list":{"0":"post-15314","1":"post","2":"type-post","3":"status-publish","4":"format-standard","5":"has-post-thumbnail","7":"category-ituzaingo","8":"category-municipios","9":"tag-alberto-descalzo"},"aioseo_notices":[],"_links":{"self":[{"href":"https:\/\/guiadenoticias.com.ar\/diario\/wp-json\/wp\/v2\/posts\/15314","targetHints":{"allow":["GET"]}}],"collection":[{"href":"https:\/\/guiadenoticias.com.ar\/diario\/wp-json\/wp\/v2\/posts"}],"about":[{"href":"https:\/\/guiadenoticias.com.ar\/diario\/wp-json\/wp\/v2\/types\/post"}],"author":[{"embeddable":true,"href":"https:\/\/guiadenoticias.com.ar\/diario\/wp-json\/wp\/v2\/users\/1"}],"replies":[{"embeddable":true,"href":"https:\/\/guiadenoticias.com.ar\/diario\/wp-json\/wp\/v2\/comments?post=15314"}],"version-history":[{"count":1,"href":"https:\/\/guiadenoticias.com.ar\/diario\/wp-json\/wp\/v2\/posts\/15314\/revisions"}],"predecessor-version":[{"id":15316,"href":"https:\/\/guiadenoticias.com.ar\/diario\/wp-json\/wp\/v2\/posts\/15314\/revisions\/15316"}],"wp:featuredmedia":[{"embeddable":true,"href":"https:\/\/guiadenoticias.com.ar\/diario\/wp-json\/wp\/v2\/media\/15318"}],"wp:attachment":[{"href":"https:\/\/guiadenoticias.com.ar\/diario\/wp-json\/wp\/v2\/media?parent=15314"}],"wp:term":[{"taxonomy":"category","embeddable":true,"href":"https:\/\/guiadenoticias.com.ar\/diario\/wp-json\/wp\/v2\/categories?post=15314"},{"taxonomy":"post_tag","embeddable":true,"href":"https:\/\/guiadenoticias.com.ar\/diario\/wp-json\/wp\/v2\/tags?post=15314"}],"curies":[{"name":"wp","href":"https:\/\/api.w.org\/{rel}","templated":true}]}}