{"id":15326,"date":"2020-07-08T22:41:30","date_gmt":"2020-07-09T01:41:30","guid":{"rendered":"https:\/\/guiadenoticias.com.ar\/diario\/?p=15326"},"modified":"2020-07-09T22:41:55","modified_gmt":"2020-07-10T01:41:55","slug":"la-preocupante-situacion-comercial-en-3f","status":"publish","type":"post","link":"https:\/\/guiadenoticias.com.ar\/diario\/la-preocupante-situacion-comercial-en-3f\/","title":{"rendered":"La preocupante situaci\u00f3n comercial en 3F"},"content":{"rendered":"<p>La cuarentena, en sus diversas variables, en nuestro pa\u00eds suma m\u00e1s de cien d\u00edas y la situaci\u00f3n econ\u00f3mica es cada vez m\u00e1s preocupante. Las ventas de los comercios y la producci\u00f3n en las industrias bajaron en casi todos los rubros, incluso en aquellos que est\u00e1n exceptuados. Santiago Iuzzolino, presidente de la C\u00e1mara del Comercio y la Industria de Tres de Febrero, en di\u00e1logo con Gu\u00eda de Noticias explic\u00f3 cu\u00e1l es el panorama en el distrito.<\/p>\n<p>\u201cLa situaci\u00f3n es seria y complicada. Esta pandemia afecta a la econom\u00eda mundialmente, Tres de Febrero no es una isla y, adem\u00e1s, es parte del AMBA que es la zona m\u00e1s complicada del pa\u00eds. Los comercios con permiso para trabajar bajaron sus ventas entre un 40 y un 50 por ciento, mientras que los que continuaron con sus ventas por Internet tuvieron una baja del 70 por ciento, cuando los gastos aumentaron\u201d. Y agreg\u00f3, \u201ca este ritmo la pandemia nos lleva a un 20 por ciento de la actividad muerta. Necesitamos un esfuerzo de las tres partes: el sector privado, el p\u00fablico y el sindical\u201d.<\/p>\n<p>Iuzzolino coment\u00f3 que desde el gobierno municipal obtuvieron algunas respuestas, aunque no fueron suficientes para sobrellevar la situaci\u00f3n actual. \u201cNosotros presentamos una nota y se decidi\u00f3 por Decreto que los comercios chicos que facturaron menos de 5 millones en 2019 y que actualmente no trabajan queden eximidos del pago m\u00ednimo de la tasa de Seguridad e Higiene. Sabemos que es un gran esfuerzo del municipio, pero para nosotros como contribuyentes es muy poco\u201d.<\/p>\n<p>\u201cNuestra demanda tambi\u00e9n fue por la competencia desleal entre los comercios y las grandes cadenas de supermercados, ya que pod\u00edan vender todo tipo de art\u00edculos, como indumentaria y perfumer\u00eda, mientras que los comerciantes ten\u00edan sus negocios cerrados. En este sentido, el intendente, Diego Valenzuela nos escuch\u00f3 y a trav\u00e9s de la Secretar\u00eda de Trabajo y Producci\u00f3n gestion\u00f3 que los hipermercados dejen en las g\u00f3ndolas s\u00f3lo los productos esenciales\u201d.<\/p>\n<p>El reconocido comerciante de Caseros dio su opini\u00f3n sobre las decisiones que toman las autoridades gubernamentales en torno a la pandemia. \u201cCreo que cada municipio y cada jefe comunal tiene que tomar el riesgo, pero no se animan. Por ejemplo, hace unos d\u00edas, Valenzuela expuso que no iba a controlar los comercios y, evidentemente, nadie le dijo nada. Es decir que la decisi\u00f3n est\u00e1 bajo la responsabilidad de su gobierno\u201d.<\/p>\n<p>Y a\u00f1adi\u00f3, \u201ces verdad que hay decisiones nacionales y provinciales, pero los intendentes tambi\u00e9n opinan. Ciertas actividades que hoy est\u00e1n prohibidas deber\u00edan abrir bajo un estricto protocolo, con responsabilidad y compromiso, tanto del municipio como del comercio\u201d.<\/p>\n<p>El futuro econ\u00f3mico es incierto para todos, en este sentido Iuzzolino expres\u00f3: \u201cNuestra mayor preocupaci\u00f3n es c\u00f3mo saldremos de esta situaci\u00f3n, vamos a necesitar un mayor di\u00e1logo, la colaboraci\u00f3n de los tres sectores, como dije anteriormente, para encontrar un punto en com\u00fan. Hace unos d\u00edas tuvimos la primera reuni\u00f3n online entre comercios y municipio, decidimos trabajar en conjunto para desarrollar una encuesta, que saldr\u00e1 pr\u00f3ximamente y que va a sondear la situaci\u00f3n comercial\u201d.<\/p>\n<p>La C\u00e1mara de Comercio tambi\u00e9n se dedica al trabajo comunitario; en ese sentido, coment\u00f3 que realizaron donaciones durante la cuarentena. \u201cNosotros bajo el lema de responsabilidad social empresaria colaboramos con comedores y merenderos. Cuando esto comenz\u00f3 hicimos un aporte de m\u00e1s de mil litros de lavandina al municipio y ellos se encargaron de repartirla. Hace unos d\u00edas, junto con la Federaci\u00f3n Econ\u00f3mica de la provincia de Buenos Aires (FEBA) y la Asociaci\u00f3n de Industriales de la provincia de Buenos Aires (ADIBA) trabajamos en conjunto e hicimos un aporte de m\u00e1scaras protectoras a ocho merenderos de Tres de Febrero. Nuestras empresas colaboran con la asistencia social\u201d.<\/p>\n","protected":false},"excerpt":{"rendered":"<p>La cuarentena, en sus diversas variables, en nuestro pa\u00eds suma m\u00e1s de cien d\u00edas y la situaci\u00f3n econ\u00f3mica es cada vez m\u00e1s preocupante. Las ventas de los comercios y la producci\u00f3n en las industrias bajaron en casi todos los rubros, incluso en aquellos que est\u00e1n exceptuados. Santiago Iuzzolino, presidente de la C\u00e1mara del Comercio y [&hellip;]<\/p>\n","protected":false},"author":1,"featured_media":15327,"comment_status":"closed","ping_status":"open","sticky":false,"template":"","format":"standard","meta":{"footnotes":""},"categories":[49,70,20,26],"tags":[72],"class_list":{"0":"post-15326","1":"post","2":"type-post","3":"status-publish","4":"format-standard","5":"has-post-thumbnail","7":"category-economia-y-gremiales","8":"category-las-mas-leidas","9":"category-municipios","10":"category-tres-de-febrero","11":"tag-diego-valenzuela"},"aioseo_notices":[],"_links":{"self":[{"href":"https:\/\/guiadenoticias.com.ar\/diario\/wp-json\/wp\/v2\/posts\/15326","targetHints":{"allow":["GET"]}}],"collection":[{"href":"https:\/\/guiadenoticias.com.ar\/diario\/wp-json\/wp\/v2\/posts"}],"about":[{"href":"https:\/\/guiadenoticias.com.ar\/diario\/wp-json\/wp\/v2\/types\/post"}],"author":[{"embeddable":true,"href":"https:\/\/guiadenoticias.com.ar\/diario\/wp-json\/wp\/v2\/users\/1"}],"replies":[{"embeddable":true,"href":"https:\/\/guiadenoticias.com.ar\/diario\/wp-json\/wp\/v2\/comments?post=15326"}],"version-history":[{"count":1,"href":"https:\/\/guiadenoticias.com.ar\/diario\/wp-json\/wp\/v2\/posts\/15326\/revisions"}],"predecessor-version":[{"id":15328,"href":"https:\/\/guiadenoticias.com.ar\/diario\/wp-json\/wp\/v2\/posts\/15326\/revisions\/15328"}],"wp:featuredmedia":[{"embeddable":true,"href":"https:\/\/guiadenoticias.com.ar\/diario\/wp-json\/wp\/v2\/media\/15327"}],"wp:attachment":[{"href":"https:\/\/guiadenoticias.com.ar\/diario\/wp-json\/wp\/v2\/media?parent=15326"}],"wp:term":[{"taxonomy":"category","embeddable":true,"href":"https:\/\/guiadenoticias.com.ar\/diario\/wp-json\/wp\/v2\/categories?post=15326"},{"taxonomy":"post_tag","embeddable":true,"href":"https:\/\/guiadenoticias.com.ar\/diario\/wp-json\/wp\/v2\/tags?post=15326"}],"curies":[{"name":"wp","href":"https:\/\/api.w.org\/{rel}","templated":true}]}}