{"id":15329,"date":"2020-07-08T23:16:15","date_gmt":"2020-07-09T02:16:15","guid":{"rendered":"https:\/\/guiadenoticias.com.ar\/diario\/?p=15329"},"modified":"2020-07-08T23:16:15","modified_gmt":"2020-07-09T02:16:15","slug":"un-puesto-movil-sanitario-recorrera-san-isidro","status":"publish","type":"post","link":"https:\/\/guiadenoticias.com.ar\/diario\/un-puesto-movil-sanitario-recorrera-san-isidro\/","title":{"rendered":"Un puesto m\u00f3vil sanitario recorrer\u00e1 San Isidro"},"content":{"rendered":"<p>Tras haber recorrido los barrios vulnerables, y con el objetivo de detectar personas con s\u00edntomas de coronavirus y evitar que el virus se expanda, el municipio de San Isidro recorrer\u00e1 con un puesto m\u00f3vil otras localidades del distrito.<\/p>\n<p>Desde el martes 7 hasta el viernes 10 de julio, los vecinos que tengan s\u00edntomas se podr\u00e1n acercar a Madame Curie, entre Marconi y Jos\u00e9 Ingenieros, en Beccar.<\/p>\n<p>El equipo multidisciplinario &#8211; coordinado por las \u00e1reas de Salud, Acci\u00f3n Social y Espacio P\u00fablico &#8211; estar\u00e1 liderado por un m\u00e9dico, acompa\u00f1ado por un enfermero, un psic\u00f3logo, un asistente social, un personal de apoyo (con productos de limpieza y barbijos) y un equipo de desinfecci\u00f3n con agua clorada.<\/p>\n<p>\u201cLa contenci\u00f3n y mitigaci\u00f3n de contagios s\u00f3lo es posible con el despliegue de operativos en cada barrio. Por eso, avanzamos en esta etapa que se trata de ir a buscar el paciente con sintomatolog\u00eda\u00bb, afirm\u00f3 Gustavo Posse, intendente de San Isidro.<\/p>\n<p>A quienes se acercan al puesto m\u00f3vil se les toma la temperatura corporal y, adem\u00e1s, se hace un cuestionario para identificar si tiene que ver con la determinaci\u00f3n de un caso sospechoso de Covid 19: fiebre de 37.5 C\u00ba o m\u00e1s, tos, dolor de garganta, dificultad respiratoria, falta de olfato o gusto (anosmia\/disgeusia).<\/p>\n<p>Ante la detecci\u00f3n de alg\u00fan caso sospechoso, un m\u00e9dico realizar\u00e1 el hisopado en una ambulancia especialmente adaptada por el municipio. Asimismo, se colocar\u00e1 la pulsera con C\u00f3digo QR que permite realizar el seguimiento del paciente.<\/p>\n","protected":false},"excerpt":{"rendered":"<p>Tras haber recorrido los barrios vulnerables, y con el objetivo de detectar personas con s\u00edntomas de coronavirus y evitar que el virus se expanda, el municipio de San Isidro recorrer\u00e1 con un puesto m\u00f3vil otras localidades del distrito. Desde el martes 7 hasta el viernes 10 de julio, los vecinos que tengan s\u00edntomas se podr\u00e1n [&hellip;]<\/p>\n","protected":false},"author":1,"featured_media":15330,"comment_status":"closed","ping_status":"open","sticky":false,"template":"","format":"standard","meta":{"footnotes":""},"categories":[20,21],"tags":[81],"class_list":{"0":"post-15329","1":"post","2":"type-post","3":"status-publish","4":"format-standard","5":"has-post-thumbnail","7":"category-municipios","8":"category-san-isidro","9":"tag-coronavirus"},"aioseo_notices":[],"_links":{"self":[{"href":"https:\/\/guiadenoticias.com.ar\/diario\/wp-json\/wp\/v2\/posts\/15329","targetHints":{"allow":["GET"]}}],"collection":[{"href":"https:\/\/guiadenoticias.com.ar\/diario\/wp-json\/wp\/v2\/posts"}],"about":[{"href":"https:\/\/guiadenoticias.com.ar\/diario\/wp-json\/wp\/v2\/types\/post"}],"author":[{"embeddable":true,"href":"https:\/\/guiadenoticias.com.ar\/diario\/wp-json\/wp\/v2\/users\/1"}],"replies":[{"embeddable":true,"href":"https:\/\/guiadenoticias.com.ar\/diario\/wp-json\/wp\/v2\/comments?post=15329"}],"version-history":[{"count":1,"href":"https:\/\/guiadenoticias.com.ar\/diario\/wp-json\/wp\/v2\/posts\/15329\/revisions"}],"predecessor-version":[{"id":15331,"href":"https:\/\/guiadenoticias.com.ar\/diario\/wp-json\/wp\/v2\/posts\/15329\/revisions\/15331"}],"wp:featuredmedia":[{"embeddable":true,"href":"https:\/\/guiadenoticias.com.ar\/diario\/wp-json\/wp\/v2\/media\/15330"}],"wp:attachment":[{"href":"https:\/\/guiadenoticias.com.ar\/diario\/wp-json\/wp\/v2\/media?parent=15329"}],"wp:term":[{"taxonomy":"category","embeddable":true,"href":"https:\/\/guiadenoticias.com.ar\/diario\/wp-json\/wp\/v2\/categories?post=15329"},{"taxonomy":"post_tag","embeddable":true,"href":"https:\/\/guiadenoticias.com.ar\/diario\/wp-json\/wp\/v2\/tags?post=15329"}],"curies":[{"name":"wp","href":"https:\/\/api.w.org\/{rel}","templated":true}]}}