{"id":15349,"date":"2020-07-14T02:39:16","date_gmt":"2020-07-14T05:39:16","guid":{"rendered":"https:\/\/guiadenoticias.com.ar\/diario\/?p=15349"},"modified":"2020-07-14T02:39:16","modified_gmt":"2020-07-14T05:39:16","slug":"ghi-dio-marcha-atras-con-la-tasa-vial","status":"publish","type":"post","link":"https:\/\/guiadenoticias.com.ar\/diario\/ghi-dio-marcha-atras-con-la-tasa-vial\/","title":{"rendered":"Ghi dio marcha atr\u00e1s con la Tasa Vial"},"content":{"rendered":"<p>El intendente de Mor\u00f3n, Lucas Ghi, solicit\u00f3 a los concejales del oficialismo retirar la iniciativa que propon\u00eda equiparar a la Comuna con otros 25 distritos del Conurbano en los que se aplica una tasa de Mantenimiento de la Red Vial sobre el valor de la nafta, el gasoil y el gas natural comprimido. De esta forma, las estaciones de servicio continuar\u00e1n ofreciendo sus combustibles a menor precio que en municipios vecinos.<\/p>\n<p>\u201cDecidimos postergar esa equiparaci\u00f3n para no afectar los bolsillos ya sufridos de nuestra comunidad, aun cuando sabemos que el impacto de la medida iba a incidir m\u00ednimamente en el valor de cargas\u201d, explic\u00f3 el jefe comunal, y agreg\u00f3: \u201cNo queremos que una decisi\u00f3n de este tipo derive en ning\u00fan incremento en lo que hoy pagan nuestros vecinos y vecinas, porque sabemos que la pandemia afecta duramente la econom\u00eda de much\u00edsimos hogares\u201d.<\/p>\n<p>\u00abPor eso, decidimos dejar afuera de nuestra propuesta de modificaci\u00f3n de tasas a las petroleras, para que no haya riesgo de que el incremento se traslade al precio de los combustibles que pagan los vecinos que est\u00e1n afectados por la crisis\u00bb, detall\u00f3.<\/p>\n<p>El municipio hab\u00eda incluido la aplicaci\u00f3n de la Tasa Vial en el proyecto de modificaci\u00f3n de la Ordenanza Fiscal e Impositiva enviada al Concejo Deliberante. La medida, que aplican municipios de distintos signos pol\u00edticos, apuntaba a fortalecer el presupuesto destinado a reparar la red vial, en momentos en que las arcas p\u00fablicas sufren el impacto de la crisis econ\u00f3mica por la ca\u00edda de la recaudaci\u00f3n tributaria.<\/p>\n<p>El intendente se\u00f1al\u00f3 que \u201cen un momento tan cr\u00edtico, necesitamos desplegar todos los esfuerzos para cuidar la vida de nuestros vecinos y vecinas, que es amenazada por la pandemia. Tambi\u00e9n generamos y nos proponemos generar iniciativas para acompa\u00f1ar al sector empresario que sufre el impacto de la crisis econ\u00f3mica. Ya eximimos del pago de la tasa de Seguridad e Higiene a m\u00e1s de 10 mil contribuyentes que tienen sus comercios cerrados y estamos a punto de lanzar microcr\u00e9ditos a tasa cero para comerciantes que alquilan\u201d.<\/p>\n<p>Y fundament\u00f3, adem\u00e1s, la creaci\u00f3n de un tasa especial que abonar\u00e1n menos de 500 grandes empresas: \u201cPol\u00edticas p\u00fablicas para cuidar la salud y para cuidar la econom\u00eda demandan de una inmensa inversi\u00f3n del municipio. Tenemos menos recursos e invertimos mucho m\u00e1s. Por eso recurrimos a cambios en el esquema tributario que permitir\u00e1n compensar la ca\u00edda, con el aporte especial de 0,25% de los contribuyentes, que son las empresas con mayor capacidad contributiva, como el bingo, los bancos o la autopista\u201d.<\/p>\n","protected":false},"excerpt":{"rendered":"<p>El intendente de Mor\u00f3n, Lucas Ghi, solicit\u00f3 a los concejales del oficialismo retirar la iniciativa que propon\u00eda equiparar a la Comuna con otros 25 distritos del Conurbano en los que se aplica una tasa de Mantenimiento de la Red Vial sobre el valor de la nafta, el gasoil y el gas natural comprimido. De esta [&hellip;]<\/p>\n","protected":false},"author":1,"featured_media":14577,"comment_status":"closed","ping_status":"open","sticky":false,"template":"","format":"standard","meta":{"footnotes":""},"categories":[28,20,48],"tags":[73],"class_list":{"0":"post-15349","1":"post","2":"type-post","3":"status-publish","4":"format-standard","5":"has-post-thumbnail","7":"category-moron","8":"category-municipios","9":"category-politica-argentina","10":"tag-lucas-ghi"},"aioseo_notices":[],"_links":{"self":[{"href":"https:\/\/guiadenoticias.com.ar\/diario\/wp-json\/wp\/v2\/posts\/15349","targetHints":{"allow":["GET"]}}],"collection":[{"href":"https:\/\/guiadenoticias.com.ar\/diario\/wp-json\/wp\/v2\/posts"}],"about":[{"href":"https:\/\/guiadenoticias.com.ar\/diario\/wp-json\/wp\/v2\/types\/post"}],"author":[{"embeddable":true,"href":"https:\/\/guiadenoticias.com.ar\/diario\/wp-json\/wp\/v2\/users\/1"}],"replies":[{"embeddable":true,"href":"https:\/\/guiadenoticias.com.ar\/diario\/wp-json\/wp\/v2\/comments?post=15349"}],"version-history":[{"count":1,"href":"https:\/\/guiadenoticias.com.ar\/diario\/wp-json\/wp\/v2\/posts\/15349\/revisions"}],"predecessor-version":[{"id":15350,"href":"https:\/\/guiadenoticias.com.ar\/diario\/wp-json\/wp\/v2\/posts\/15349\/revisions\/15350"}],"wp:featuredmedia":[{"embeddable":true,"href":"https:\/\/guiadenoticias.com.ar\/diario\/wp-json\/wp\/v2\/media\/14577"}],"wp:attachment":[{"href":"https:\/\/guiadenoticias.com.ar\/diario\/wp-json\/wp\/v2\/media?parent=15349"}],"wp:term":[{"taxonomy":"category","embeddable":true,"href":"https:\/\/guiadenoticias.com.ar\/diario\/wp-json\/wp\/v2\/categories?post=15349"},{"taxonomy":"post_tag","embeddable":true,"href":"https:\/\/guiadenoticias.com.ar\/diario\/wp-json\/wp\/v2\/tags?post=15349"}],"curies":[{"name":"wp","href":"https:\/\/api.w.org\/{rel}","templated":true}]}}