{"id":15376,"date":"2020-07-19T21:32:16","date_gmt":"2020-07-20T00:32:16","guid":{"rendered":"https:\/\/guiadenoticias.com.ar\/diario\/?p=15376"},"modified":"2020-07-21T21:56:26","modified_gmt":"2020-07-22T00:56:26","slug":"castellano-el-municipio-no-tomo-ninguna-medida-de-reactivacion-economica","status":"publish","type":"post","link":"https:\/\/guiadenoticias.com.ar\/diario\/castellano-el-municipio-no-tomo-ninguna-medida-de-reactivacion-economica\/","title":{"rendered":"Castellano: \u201cEl municipio no tom\u00f3 ninguna medida de reactivaci\u00f3n econ\u00f3mica\u201d"},"content":{"rendered":"<p>En este panorama de pandemia, la actividad comercial sufre un golpe a sus ventas; a pesar de la cuarentena, los municipios planifican c\u00f3mo ser\u00e1 la salida y la futura reactivaci\u00f3n econ\u00f3mica. En este sentido, varios dirigentes aportan su mirada. En di\u00e1logo con Gu\u00eda de Noticias, el vecinalista Carlos Castellano, del espacio Repensando San Isidro, se mostr\u00f3 cr\u00edtico de la gesti\u00f3n local y expuso sus ideas.<\/p>\n<p>\u201cPresentamos un proyecto para que se recuperen espacios p\u00fablicos, como se hizo en la Ciudad de Buenos Aires. La idea es que aquellos comercios chicos que no tienen espacio para que ingresen varias personas, puedan mostrar sus productos y comercializarlos. Lo que pedimos es que se le gane espacio a la calle y as\u00ed facilitar el paso de peatones\u201d, explic\u00f3, y agreg\u00f3, \u201cde esta manera, los bares podr\u00e1n tener mesas en las calles con la distancia social y los negocios de indumentaria exhibir\u00e1n sus productos\u201d.<\/p>\n<p>La propuesta, que present\u00f3 junto con los concejales Carlos Juncos (UCR) y Gabriel Estoroni (Repensando San Isidro), incluye transformar los centros comerciales a cielo abierto de Boulogne, Mart\u00ednez, Villa Adelina, Beccar, San Isidro y Acasusso.<\/p>\n<p>\u201cTrabajamos desde el vecinalismo con distintas ideas para ayudar a la mayor\u00eda de los sectores y que as\u00ed puedan abrir con las medidas de prevenci\u00f3n correspondientes. Notamos que la movilidad social existe por lo que tener los negocios cerrados es un poco torpe\u201d, sostuvo el ex presidente del HCD.<\/p>\n<p>Castellano tambi\u00e9n se refiri\u00f3 a otras medidas presentadas al municipio. \u201cNo nos parec\u00eda justo que se cobren tasas a comerciantes que est\u00e1n sin trabajar por servicios que hoy no se brindan, como el caso de las inspecciones de Higiene y Seguridad. Acompa\u00f1amos una medida que tom\u00f3 Vicente L\u00f3pez que es la de generar un aumento en las tasas de las entidades financieras, los bancos y las grandes cadenas de supermercados para generar un fondo que sirva de subsidio a los comercios que no son esenciales. Pero no tuvimos respuesta por parte de las autoridades, porque el municipio no tom\u00f3 ninguna medida de reactivaci\u00f3n econ\u00f3mica\u201d.<\/p>\n<p>\u201cDe esto se sale con audacia e innovaci\u00f3n. Cuando ten\u00e9s una gesti\u00f3n que est\u00e1 muy c\u00f3moda hace tantos a\u00f1os hay actitudes que se pierden. Necesitamos que los municipios acepten que la gente sale y que apelen a la responsabilidad de cada uno, con campa\u00f1as constantes de prevenci\u00f3n para que la actividad empiece a funcionar. Restringir la econom\u00eda y no contener la parte social que es la principal transmisora, no tiene sentido\u201d, opin\u00f3 ante este portal.<\/p>\n<p>Por otra parte, el ex funcionario se refiri\u00f3 al conflicto por el acuerdo del municipio con Uber. \u201cEstoy a favor de la empresa, pero no se puede aceptar trabajar con un sistema que hoy opera de manera ilegal s\u00f3lo porque le brinda un servicio gratis al municipio. El intendente no la quiere habilitar para no enfrentarse con los remiseros, pero que acepte a Uber porque le da viajes gratis me parece una irresponsabilidad terrible\u201d, explic\u00f3.<\/p>\n<p>Y a\u00f1adi\u00f3, \u201cel municipio podr\u00eda hacer un acuerdo con los transportistas escolares que tienen las combis paradas. De esta manera, ayud\u00e1s a esas familias y, adem\u00e1s, ten\u00e9s un veh\u00edculo habilitado\u201d.<\/p>\n<p>Finalmente, Castellano habl\u00f3 sobre su alianza con el partido vecinal ConVocaci\u00f3n por San Isidro: \u201cSeguimos trabajando en un interbloque con siete concejales y es el segundo despu\u00e9s del oficialismo. Los proyectos en un 80 por ciento se presentan en forma consensuada. Despu\u00e9s hay otros en los que cada uno tiene autonom\u00eda. Desde que comenz\u00f3 la cuarentena trabajamos temas de apoyo social en forma conjunta\u201d.<\/p>\n","protected":false},"excerpt":{"rendered":"<p>En este panorama de pandemia, la actividad comercial sufre un golpe a sus ventas; a pesar de la cuarentena, los municipios planifican c\u00f3mo ser\u00e1 la salida y la futura reactivaci\u00f3n econ\u00f3mica. En este sentido, varios dirigentes aportan su mirada. En di\u00e1logo con Gu\u00eda de Noticias, el vecinalista Carlos Castellano, del espacio Repensando San Isidro, se [&hellip;]<\/p>\n","protected":false},"author":1,"featured_media":15377,"comment_status":"closed","ping_status":"open","sticky":false,"template":"","format":"standard","meta":{"footnotes":""},"categories":[70,20,48,21],"tags":[],"class_list":{"0":"post-15376","1":"post","2":"type-post","3":"status-publish","4":"format-standard","5":"has-post-thumbnail","7":"category-las-mas-leidas","8":"category-municipios","9":"category-politica-argentina","10":"category-san-isidro"},"aioseo_notices":[],"_links":{"self":[{"href":"https:\/\/guiadenoticias.com.ar\/diario\/wp-json\/wp\/v2\/posts\/15376","targetHints":{"allow":["GET"]}}],"collection":[{"href":"https:\/\/guiadenoticias.com.ar\/diario\/wp-json\/wp\/v2\/posts"}],"about":[{"href":"https:\/\/guiadenoticias.com.ar\/diario\/wp-json\/wp\/v2\/types\/post"}],"author":[{"embeddable":true,"href":"https:\/\/guiadenoticias.com.ar\/diario\/wp-json\/wp\/v2\/users\/1"}],"replies":[{"embeddable":true,"href":"https:\/\/guiadenoticias.com.ar\/diario\/wp-json\/wp\/v2\/comments?post=15376"}],"version-history":[{"count":1,"href":"https:\/\/guiadenoticias.com.ar\/diario\/wp-json\/wp\/v2\/posts\/15376\/revisions"}],"predecessor-version":[{"id":15378,"href":"https:\/\/guiadenoticias.com.ar\/diario\/wp-json\/wp\/v2\/posts\/15376\/revisions\/15378"}],"wp:featuredmedia":[{"embeddable":true,"href":"https:\/\/guiadenoticias.com.ar\/diario\/wp-json\/wp\/v2\/media\/15377"}],"wp:attachment":[{"href":"https:\/\/guiadenoticias.com.ar\/diario\/wp-json\/wp\/v2\/media?parent=15376"}],"wp:term":[{"taxonomy":"category","embeddable":true,"href":"https:\/\/guiadenoticias.com.ar\/diario\/wp-json\/wp\/v2\/categories?post=15376"},{"taxonomy":"post_tag","embeddable":true,"href":"https:\/\/guiadenoticias.com.ar\/diario\/wp-json\/wp\/v2\/tags?post=15376"}],"curies":[{"name":"wp","href":"https:\/\/api.w.org\/{rel}","templated":true}]}}