{"id":1538,"date":"2016-04-08T00:41:49","date_gmt":"2016-04-08T03:41:49","guid":{"rendered":"http:\/\/guiadenoticias.com.ar\/diario\/?p=1538"},"modified":"2016-04-08T00:47:10","modified_gmt":"2016-04-08T03:47:10","slug":"el-consejo-escolar-manifesto-preocupacion-por-la-falta-de-clases","status":"publish","type":"post","link":"https:\/\/guiadenoticias.com.ar\/diario\/el-consejo-escolar-manifesto-preocupacion-por-la-falta-de-clases\/","title":{"rendered":"El Consejo Escolar manifest\u00f3 preocupaci\u00f3n por la falta de clases"},"content":{"rendered":"<p>La presidente del Consejo Escolar de San Fernando, Mariel Gonz\u00e1lez, alert\u00f3 que \u201cla demorada paritaria entre la Provincia y los auxiliares est\u00e1 afectando al 70% de las escuelas donde desde hace un mes se dan clases alternadas, no funcionan los comedores y no se limpia\u201d.<\/p>\n<p>Asimismo, ratific\u00f3 \u201cel acompa\u00f1amiento a toda la comunidad educativa y el pedido al ministro (de Educaci\u00f3n) Alejandro Finocchiaro y al gobierno bonaerense para que ponga fin a este conflicto educativo que vulnera el derecho constitucional de miles de chicos sanfernandinos\u201d.<\/p>\n<p>En este marco, trabajadores agremiados SOEME y ATE se manifestaron en los 135 consejos escolares del territorio bonaerense. \u201cHa tomado un camino diferente el reclamo de los auxiliares, que hasta ahora era de retenci\u00f3n de servicios por tiempo indefinido\u201d, sostuvo Gonz\u00e1lez, quien record\u00f3: \u201cNosotros nos presentamos en reiteradas oportunidades ante la Provincia pidiendo entrevistas con el director de Recursos Humanos del \u00e1rea escolar y del director de Concejos Escolares, pero lamentablemente no fuimos atendidos m\u00e1s que por asesores\u201d.<\/p>\n<p>\u201cPlanteamos la problem\u00e1tica porque ve\u00edamos que esto iba a tener un final malo &#8211; agreg\u00f3- Hoy se empeora a partir del momento en que a los auxiliares les descuentan de forma indiscriminada de su sueldo much\u00edsimo dinero, con casos donde sobre 7000 pesos s\u00f3lo cobran 1000 pesos, y muchos de ellos realizaron la medida de fuerza y otros no, pero a todos les han descontado por ser parte del gremio\u201d.<\/p>\n<p>En relaci\u00f3n a las consecuencias que tuvo en San Fernando el conflicto, se\u00f1al\u00f3 que \u201cest\u00e1 afectando aproximadamente al 70% de las escuelas donde desde hace un mes dan clases alternadas, no funcionan los comedores y no se hace limpieza ya que el ciclo lectivo comenz\u00f3 de manera irregular por la paritaria no resuelta\u201d.<\/p>\n<p>La secretaria General de ATE seccional San Fernando, Pamela Ortiz, lament\u00f3 que \u201cla Provincia dice que no tiene plata cuando su presupuesto fue aprobado por todo el orden pol\u00edtico para garantizar la gobernabilidad, por lo que la plata estaba para todo el a\u00f1o y no sabemos en qu\u00e9 la est\u00e1n ejecutando\u201d. \u201cSabemos que a Vidal y Macri en la Naci\u00f3n no les interesan los trabajadores, lo que les interesa es ajustar el Estado y ac\u00e1 en la Provincia quieren hacer lo mismo y empezaron con los auxiliares cuando autorizaron a los Consejos Escolares para que metan empleados municipales, cooperativas y empresas de limpieza\u201d.<\/p>\n<p>Respecto a las medidas de fuerza que sostienen, expres\u00f3: \u201cHacemos un paro 48 horas en repudio al descuento criminal que le hicieron a las compa\u00f1eras solamente por ser afiliadas a un sindicato, y, adem\u00e1s, repudiamos los decretos que envi\u00f3 la gobernadora, como el 230 que le da s\u00faper poderes a los ministros para que dispongan ceses, pases, retiros voluntarios y dispongan de todos los trabajadores de la Provincia que no tengan estabilidad en la planta\u201d.<\/p>\n","protected":false},"excerpt":{"rendered":"<p>La presidente del Consejo Escolar de San Fernando, Mariel Gonz\u00e1lez, alert\u00f3 que \u201cla demorada paritaria entre la Provincia y los auxiliares est\u00e1 afectando al 70% de las escuelas donde desde hace un mes se dan clases alternadas, no funcionan los comedores y no se limpia\u201d. Asimismo, ratific\u00f3 \u201cel acompa\u00f1amiento a toda la comunidad educativa y [&hellip;]<\/p>\n","protected":false},"author":1,"featured_media":1539,"comment_status":"closed","ping_status":"open","sticky":false,"template":"","format":"standard","meta":{"footnotes":""},"categories":[20,48,22],"tags":[],"class_list":{"0":"post-1538","1":"post","2":"type-post","3":"status-publish","4":"format-standard","5":"has-post-thumbnail","7":"category-municipios","8":"category-politica-argentina","9":"category-san-fernando"},"aioseo_notices":[],"_links":{"self":[{"href":"https:\/\/guiadenoticias.com.ar\/diario\/wp-json\/wp\/v2\/posts\/1538","targetHints":{"allow":["GET"]}}],"collection":[{"href":"https:\/\/guiadenoticias.com.ar\/diario\/wp-json\/wp\/v2\/posts"}],"about":[{"href":"https:\/\/guiadenoticias.com.ar\/diario\/wp-json\/wp\/v2\/types\/post"}],"author":[{"embeddable":true,"href":"https:\/\/guiadenoticias.com.ar\/diario\/wp-json\/wp\/v2\/users\/1"}],"replies":[{"embeddable":true,"href":"https:\/\/guiadenoticias.com.ar\/diario\/wp-json\/wp\/v2\/comments?post=1538"}],"version-history":[{"count":2,"href":"https:\/\/guiadenoticias.com.ar\/diario\/wp-json\/wp\/v2\/posts\/1538\/revisions"}],"predecessor-version":[{"id":1541,"href":"https:\/\/guiadenoticias.com.ar\/diario\/wp-json\/wp\/v2\/posts\/1538\/revisions\/1541"}],"wp:featuredmedia":[{"embeddable":true,"href":"https:\/\/guiadenoticias.com.ar\/diario\/wp-json\/wp\/v2\/media\/1539"}],"wp:attachment":[{"href":"https:\/\/guiadenoticias.com.ar\/diario\/wp-json\/wp\/v2\/media?parent=1538"}],"wp:term":[{"taxonomy":"category","embeddable":true,"href":"https:\/\/guiadenoticias.com.ar\/diario\/wp-json\/wp\/v2\/categories?post=1538"},{"taxonomy":"post_tag","embeddable":true,"href":"https:\/\/guiadenoticias.com.ar\/diario\/wp-json\/wp\/v2\/tags?post=1538"}],"curies":[{"name":"wp","href":"https:\/\/api.w.org\/{rel}","templated":true}]}}