{"id":15403,"date":"2020-07-23T20:08:46","date_gmt":"2020-07-23T23:08:46","guid":{"rendered":"https:\/\/guiadenoticias.com.ar\/diario\/?p=15403"},"modified":"2020-07-23T20:08:46","modified_gmt":"2020-07-23T23:08:46","slug":"inauguraron-el-hospital-modular-de-emergencia-de-coronado","status":"publish","type":"post","link":"https:\/\/guiadenoticias.com.ar\/diario\/inauguraron-el-hospital-modular-de-emergencia-de-coronado\/","title":{"rendered":"Inauguraron el Hospital Modular de Emergencia de Coronado"},"content":{"rendered":"<p>Este jueves, el intendente Diego Valenzuela particip\u00f3 de la inauguraci\u00f3n del Hospital Modular de Emergencia de Mart\u00edn Coronado, junto con Gin\u00e9s Gonz\u00e1lez Garc\u00eda, ministro de Salud de Naci\u00f3n, y Gabriel Katopodis, ministro de Obras P\u00fablicas.<\/p>\n<p>El lugar cuenta con 26 camas de terapia intermedia y 12 de terapia intensiva, en coordinaci\u00f3n con la base del SAME. Adem\u00e1s, cuenta con servicio de laboratorio, de diagn\u00f3stico, ec\u00f3grafo y todo el sistema de aparatolog\u00eda necesaria para la emergencia sanitaria.<\/p>\n<p>\u201cEstos meses de cuarentena nos permitieron prepararnos de la mejor manera para afrontar la etapa m\u00e1s dura de la pandemia\u201d, se\u00f1al\u00f3 el jefe comunal, y repas\u00f3, \u201cdesde el municipio hicimos esfuerzos con recursos propios, creamos un Hospital de Campa\u00f1a en un centro deportivo, sumamos una Unidad de Testeo M\u00f3vil y asistimos a los grupos de riesgo, agreg\u00f3\u201d.<\/p>\n<p>Por su parte, Gonz\u00e1lez Garc\u00eda se\u00f1al\u00f3 que \u201cel aislamiento temprano demostr\u00f3 que pod\u00edamos achatar la curva de contagios y nos dio el tiempo suficiente para incorporar respiradores, camas de cuidados intensivos y 12 hospitales modulares en todo el pa\u00eds\u201d.<\/p>\n<p>En tanto, Gabriel Katopodis expres\u00f3: \u201cEl Estado hizo un gran esfuerzo para construir en tiempo record estos hospitales que nos permitir\u00e1n ampliar la oferta sanitaria durante la pandemia, pero que quedar\u00e1n para todos los argentinos cuando logremos superarla\u201d.<\/p>\n<p>Cabe destacar que a futuro el espacio reforzar\u00e1 la atenci\u00f3n sanitaria del municipio y formar\u00e1 parte de un polo sanitario junto al Centro de Salud Arturo Illia.<\/p>\n","protected":false},"excerpt":{"rendered":"<p>Este jueves, el intendente Diego Valenzuela particip\u00f3 de la inauguraci\u00f3n del Hospital Modular de Emergencia de Mart\u00edn Coronado, junto con Gin\u00e9s Gonz\u00e1lez Garc\u00eda, ministro de Salud de Naci\u00f3n, y Gabriel Katopodis, ministro de Obras P\u00fablicas. El lugar cuenta con 26 camas de terapia intermedia y 12 de terapia intensiva, en coordinaci\u00f3n con la base del [&hellip;]<\/p>\n","protected":false},"author":1,"featured_media":15404,"comment_status":"closed","ping_status":"open","sticky":false,"template":"","format":"standard","meta":{"footnotes":""},"categories":[20,26],"tags":[81,72,85,109],"class_list":{"0":"post-15403","1":"post","2":"type-post","3":"status-publish","4":"format-standard","5":"has-post-thumbnail","7":"category-municipios","8":"category-tres-de-febrero","9":"tag-coronavirus","10":"tag-diego-valenzuela","11":"tag-gabriel-katopodis","12":"tag-gines-gonzalez-garcia"},"aioseo_notices":[],"_links":{"self":[{"href":"https:\/\/guiadenoticias.com.ar\/diario\/wp-json\/wp\/v2\/posts\/15403","targetHints":{"allow":["GET"]}}],"collection":[{"href":"https:\/\/guiadenoticias.com.ar\/diario\/wp-json\/wp\/v2\/posts"}],"about":[{"href":"https:\/\/guiadenoticias.com.ar\/diario\/wp-json\/wp\/v2\/types\/post"}],"author":[{"embeddable":true,"href":"https:\/\/guiadenoticias.com.ar\/diario\/wp-json\/wp\/v2\/users\/1"}],"replies":[{"embeddable":true,"href":"https:\/\/guiadenoticias.com.ar\/diario\/wp-json\/wp\/v2\/comments?post=15403"}],"version-history":[{"count":1,"href":"https:\/\/guiadenoticias.com.ar\/diario\/wp-json\/wp\/v2\/posts\/15403\/revisions"}],"predecessor-version":[{"id":15405,"href":"https:\/\/guiadenoticias.com.ar\/diario\/wp-json\/wp\/v2\/posts\/15403\/revisions\/15405"}],"wp:featuredmedia":[{"embeddable":true,"href":"https:\/\/guiadenoticias.com.ar\/diario\/wp-json\/wp\/v2\/media\/15404"}],"wp:attachment":[{"href":"https:\/\/guiadenoticias.com.ar\/diario\/wp-json\/wp\/v2\/media?parent=15403"}],"wp:term":[{"taxonomy":"category","embeddable":true,"href":"https:\/\/guiadenoticias.com.ar\/diario\/wp-json\/wp\/v2\/categories?post=15403"},{"taxonomy":"post_tag","embeddable":true,"href":"https:\/\/guiadenoticias.com.ar\/diario\/wp-json\/wp\/v2\/tags?post=15403"}],"curies":[{"name":"wp","href":"https:\/\/api.w.org\/{rel}","templated":true}]}}