{"id":15407,"date":"2020-07-23T22:52:27","date_gmt":"2020-07-24T01:52:27","guid":{"rendered":"https:\/\/guiadenoticias.com.ar\/diario\/?p=15407"},"modified":"2020-07-23T22:52:27","modified_gmt":"2020-07-24T01:52:27","slug":"vidal-participo-de-ciclo-de-charlas-online-de-jxc","status":"publish","type":"post","link":"https:\/\/guiadenoticias.com.ar\/diario\/vidal-participo-de-ciclo-de-charlas-online-de-jxc\/","title":{"rendered":"Vidal particip\u00f3 de ciclo de charlas online de JxC"},"content":{"rendered":"<p>Mar\u00eda Eugenia Vidal y Santiago L\u00f3pez Medrano conversaron con vecinos en el marco del cierre de la primera edici\u00f3n del ciclo de charlas virtuales San Mart\u00edn Activo. Analizaron el desarrollo de la pandemia y los desaf\u00edos pol\u00edticos de la oposici\u00f3n.<\/p>\n<p>La ex gobernadora bonaerense hizo una menci\u00f3n a su contagio: \u201cYa estoy muy bien, por suerte no sufr\u00ed mucho el Covid-19. Lo que padec\u00ed fue estar alejada de mis hijos por los 28 d\u00edas que dur\u00f3 el aislamiento\u201d.<\/p>\n<p>\u201cPara algunos, nuestro rol como oposici\u00f3n supone la confrontaci\u00f3n abierta permanente y decir siempre que no. Para otros significa di\u00e1logo permanente y crear consensos. Creo que debemos ocupar el lugar de decir bien claro s\u00ed o no cuando corresponde, poner l\u00edmites, pero tambi\u00e9n dialogar. Es un lugar inc\u00f3modo, pero es el correcto. Tenemos que estar a la altura\u201d, consider\u00f3.<\/p>\n<p>M\u00e1s adelante agreg\u00f3, \u201ctenemos que mantener la unidad, y unidad no quiere decir unanimidad, porque puede haber diversidad en la unidad. Estoy segura de que ese 41 % que vot\u00f3 por nosotros, vot\u00f3 ciertos valores como la justicia independiente, la libertad, el respeto institucional, la lucha contra la corrupci\u00f3n; si queremos ser un espacio m\u00e1s grande, tenemos que atraer a dirigentes que compartan esos valores\u201d.<\/p>\n<p>Por otro lado, Vidal se\u00f1al\u00f3 que \u201clamentablemente, vamos a tener una Argentina m\u00e1s pobre, con menos empleo y recursos. Lo que viene es una tarea en la que todos debemos involucrarnos. Vamos a tener que potenciar acciones como \u201cAyudar desde casa\u201d, una iniciativa que surgi\u00f3 frente a la realidad de la pandemia para sostener a la poblaci\u00f3n m\u00e1s perjudicada y a los referentes comunitarios que realizan un trabajo muy valioso\u201d.<\/p>\n<p>Tambi\u00e9n realiz\u00f3 un resumen del trabajo realizado en materia de Salud durante su mandato. \u201cAdem\u00e1s del SAME que sigue funcionando y traslad\u00f3 a muchos infectados, pusimos en marcha la Red AMBA, que signific\u00f3 poner en valor 200 centros de salud provinciales e incorporamos a 2500 m\u00e9dicos y enfermeros. Estoy segura de que le mejor\u00f3 la vida a much\u00edsimos bonaerenses\u201d, asegur\u00f3.<\/p>\n","protected":false},"excerpt":{"rendered":"<p>Mar\u00eda Eugenia Vidal y Santiago L\u00f3pez Medrano conversaron con vecinos en el marco del cierre de la primera edici\u00f3n del ciclo de charlas virtuales San Mart\u00edn Activo. Analizaron el desarrollo de la pandemia y los desaf\u00edos pol\u00edticos de la oposici\u00f3n. La ex gobernadora bonaerense hizo una menci\u00f3n a su contagio: \u201cYa estoy muy bien, por [&hellip;]<\/p>\n","protected":false},"author":1,"featured_media":15408,"comment_status":"closed","ping_status":"open","sticky":false,"template":"","format":"standard","meta":{"footnotes":""},"categories":[20,48,24],"tags":[98,100],"class_list":{"0":"post-15407","1":"post","2":"type-post","3":"status-publish","4":"format-standard","5":"has-post-thumbnail","7":"category-municipios","8":"category-politica-argentina","9":"category-san-martin","10":"tag-juntos-por-el-cambio","11":"tag-maria-eugenia-vidal"},"aioseo_notices":[],"_links":{"self":[{"href":"https:\/\/guiadenoticias.com.ar\/diario\/wp-json\/wp\/v2\/posts\/15407","targetHints":{"allow":["GET"]}}],"collection":[{"href":"https:\/\/guiadenoticias.com.ar\/diario\/wp-json\/wp\/v2\/posts"}],"about":[{"href":"https:\/\/guiadenoticias.com.ar\/diario\/wp-json\/wp\/v2\/types\/post"}],"author":[{"embeddable":true,"href":"https:\/\/guiadenoticias.com.ar\/diario\/wp-json\/wp\/v2\/users\/1"}],"replies":[{"embeddable":true,"href":"https:\/\/guiadenoticias.com.ar\/diario\/wp-json\/wp\/v2\/comments?post=15407"}],"version-history":[{"count":1,"href":"https:\/\/guiadenoticias.com.ar\/diario\/wp-json\/wp\/v2\/posts\/15407\/revisions"}],"predecessor-version":[{"id":15409,"href":"https:\/\/guiadenoticias.com.ar\/diario\/wp-json\/wp\/v2\/posts\/15407\/revisions\/15409"}],"wp:featuredmedia":[{"embeddable":true,"href":"https:\/\/guiadenoticias.com.ar\/diario\/wp-json\/wp\/v2\/media\/15408"}],"wp:attachment":[{"href":"https:\/\/guiadenoticias.com.ar\/diario\/wp-json\/wp\/v2\/media?parent=15407"}],"wp:term":[{"taxonomy":"category","embeddable":true,"href":"https:\/\/guiadenoticias.com.ar\/diario\/wp-json\/wp\/v2\/categories?post=15407"},{"taxonomy":"post_tag","embeddable":true,"href":"https:\/\/guiadenoticias.com.ar\/diario\/wp-json\/wp\/v2\/tags?post=15407"}],"curies":[{"name":"wp","href":"https:\/\/api.w.org\/{rel}","templated":true}]}}