{"id":15424,"date":"2020-07-27T21:49:52","date_gmt":"2020-07-28T00:49:52","guid":{"rendered":"https:\/\/guiadenoticias.com.ar\/diario\/?p=15424"},"modified":"2020-07-29T21:24:51","modified_gmt":"2020-07-30T00:24:51","slug":"concejal-vidal-debemos-ser-escuchados-por-el-oficialismo","status":"publish","type":"post","link":"https:\/\/guiadenoticias.com.ar\/diario\/concejal-vidal-debemos-ser-escuchados-por-el-oficialismo\/","title":{"rendered":"Concejal Vidal: \u201cDebemos ser escuchados por el oficialismo\u201d"},"content":{"rendered":"<p>La concejal del PJ &#8211; Frente de Todos de Tres de Febrero Mar\u00eda del Carmen Vidal repite lo que dicen sus compa\u00f1eros de bloque, que la gesti\u00f3n de Diego Valenzuela no dialoga con la oposici\u00f3n, \u201cdebemos ser escuchados, por nuestra militancia y trabajo en los barrios\u201d, sostiene. A la vez que desea, \u201cel d\u00eda despu\u00e9s de la pandemia nos tiene que encontrar mejores, en todo\u201d.<\/p>\n<p>En di\u00e1logo con Gu\u00eda de Noticias, la vicepresidente de la comisi\u00f3n de Salud del HCD remarc\u00f3 que esta instancia no funciona. \u201cNo nos reunimos, otras comisiones se reunieron por Zoom\u201d, cont\u00f3.<\/p>\n<p>Recientemente, los ediles pertenecientes a la Agrupaci\u00f3n Ram\u00f3n Carrillo, Vidal, Julia Chaves y Andr\u00e9s Esp\u00ednola visitaron el Centro Regional de Hemoterapia, sito en Ciudadela. Al respecto coment\u00f3 que \u201ces la culminaci\u00f3n de una idea que se gest\u00f3 en 2009, cuando el titular del ministerio era Alejandro Collia\u201d.<\/p>\n<p>En ese sentido record\u00f3 que el bloque PJ \u2013 Frente de Todos es el autor del proyecto de donaci\u00f3n de plasma aprobado sobre tablas por unanimidad. All\u00ed se establece el acompa\u00f1amiento y promoci\u00f3n de la donaci\u00f3n de plasma de pacientes recuperados de Covid \u2013 19.<\/p>\n<p>Adem\u00e1s, Vidal habl\u00f3 sobre la Emergencia Sanitaria, otro expediente impulsado por su espacio pol\u00edtico. \u201cSab\u00edamos que el Ejecutivo iba a precisar esa herramienta para hacer frente a esta situaci\u00f3n\u201d, dijo, y agreg\u00f3, \u201cqueremos que nuestros vecinos est\u00e9n atendidos en lo social, en la asistencia alimentaria, de salud\u201d.<\/p>\n<p>Sin embargo, la concejal tiene objeciones respecto a la implementaci\u00f3n. Se determin\u00f3 la creaci\u00f3n del Comit\u00e9 de Operaciones de Emergencia, que seg\u00fan su opini\u00f3n, \u201cse conform\u00f3 de manera caprichosa\u201d. Hasta el momento hubo un par de reuniones: \u201cS\u00f3lo escuchamos decisiones tomadas, el oficialismo cont\u00f3 qu\u00e9 iba a hacer, no hubo un ida y vuelta\u201d.<\/p>\n<p>Tambi\u00e9n est\u00e1 la Mesa Consultiva, donde Vidal mencion\u00f3 que presentaron un escrito con varias consultas, y revel\u00f3 que \u201cfunciona a trav\u00e9s de un grupo de WhatsApp\u201d. \u201cTuvimos que presentar un proyecto para que el Ejecutivo informe el estado de situaci\u00f3n en la p\u00e1gina oficial del municipio. Al principio ten\u00edamos dos problemas, dengue y coronavirus, y la gente no sab\u00eda la cantidad de infectados\u201d, relat\u00f3.<\/p>\n<p>La vecina de Ciudadela destac\u00f3 que no hay coincidencias en los enfoques. Y cit\u00f3 un ejemplo: \u201cEn la inauguraci\u00f3n del Hospital Modular de Coronado, alguien consult\u00f3 sobre la cantidad de camas de Terapia Intensiva en el distrito y los dos directores de los hospitales dijeron que estaban al tope. Por otro lado, el intendente est\u00e1 feliz de que abren las peluquer\u00edas\u201d.<\/p>\n<p>No obstante aclar\u00f3, \u201centiendo que comercios e industrias la est\u00e1n pasando mal, tendremos que pensar y legislar para que esos sectores sean contenidos\u201d.<\/p>\n","protected":false},"excerpt":{"rendered":"<p>La concejal del PJ &#8211; Frente de Todos de Tres de Febrero Mar\u00eda del Carmen Vidal repite lo que dicen sus compa\u00f1eros de bloque, que la gesti\u00f3n de Diego Valenzuela no dialoga con la oposici\u00f3n, \u201cdebemos ser escuchados, por nuestra militancia y trabajo en los barrios\u201d, sostiene. A la vez que desea, \u201cel d\u00eda despu\u00e9s [&hellip;]<\/p>\n","protected":false},"author":1,"featured_media":15426,"comment_status":"closed","ping_status":"open","sticky":false,"template":"","format":"standard","meta":{"footnotes":""},"categories":[70,20,48,26],"tags":[72,104],"class_list":{"0":"post-15424","1":"post","2":"type-post","3":"status-publish","4":"format-standard","5":"has-post-thumbnail","7":"category-las-mas-leidas","8":"category-municipios","9":"category-politica-argentina","10":"category-tres-de-febrero","11":"tag-diego-valenzuela","12":"tag-frente-de-todos"},"aioseo_notices":[],"_links":{"self":[{"href":"https:\/\/guiadenoticias.com.ar\/diario\/wp-json\/wp\/v2\/posts\/15424","targetHints":{"allow":["GET"]}}],"collection":[{"href":"https:\/\/guiadenoticias.com.ar\/diario\/wp-json\/wp\/v2\/posts"}],"about":[{"href":"https:\/\/guiadenoticias.com.ar\/diario\/wp-json\/wp\/v2\/types\/post"}],"author":[{"embeddable":true,"href":"https:\/\/guiadenoticias.com.ar\/diario\/wp-json\/wp\/v2\/users\/1"}],"replies":[{"embeddable":true,"href":"https:\/\/guiadenoticias.com.ar\/diario\/wp-json\/wp\/v2\/comments?post=15424"}],"version-history":[{"count":1,"href":"https:\/\/guiadenoticias.com.ar\/diario\/wp-json\/wp\/v2\/posts\/15424\/revisions"}],"predecessor-version":[{"id":15425,"href":"https:\/\/guiadenoticias.com.ar\/diario\/wp-json\/wp\/v2\/posts\/15424\/revisions\/15425"}],"wp:featuredmedia":[{"embeddable":true,"href":"https:\/\/guiadenoticias.com.ar\/diario\/wp-json\/wp\/v2\/media\/15426"}],"wp:attachment":[{"href":"https:\/\/guiadenoticias.com.ar\/diario\/wp-json\/wp\/v2\/media?parent=15424"}],"wp:term":[{"taxonomy":"category","embeddable":true,"href":"https:\/\/guiadenoticias.com.ar\/diario\/wp-json\/wp\/v2\/categories?post=15424"},{"taxonomy":"post_tag","embeddable":true,"href":"https:\/\/guiadenoticias.com.ar\/diario\/wp-json\/wp\/v2\/tags?post=15424"}],"curies":[{"name":"wp","href":"https:\/\/api.w.org\/{rel}","templated":true}]}}