{"id":15481,"date":"2020-08-06T02:49:04","date_gmt":"2020-08-06T05:49:04","guid":{"rendered":"https:\/\/guiadenoticias.com.ar\/diario\/?p=15481"},"modified":"2020-08-12T02:48:37","modified_gmt":"2020-08-12T05:48:37","slug":"el-presidente-inauguro-la-segunda-etapa-del-hospital-del-bicentenario","status":"publish","type":"post","link":"https:\/\/guiadenoticias.com.ar\/diario\/el-presidente-inauguro-la-segunda-etapa-del-hospital-del-bicentenario\/","title":{"rendered":"El Presidente inaugur\u00f3 la segunda etapa del Hospital del Bicentenario"},"content":{"rendered":"<p>El presidente Alberto Fern\u00e1ndez, a trav\u00e9s de videoconferencia, encabez\u00f3 el acto de apertura de la segunda etapa del Hospital del Bicentenario de Ituzaing\u00f3, acompa\u00f1ado por el ministro de Salud de Naci\u00f3n, Gin\u00e9s Gonz\u00e1lez Garc\u00eda, y la directora Ejecutiva de PAMI, Luana Volnovich. Estuvieron en el lugar el gobernador de Buenos Aires, Axel Kicillof; el ministro de Salud bonaerense, Daniel Goll\u00e1n, y el intendente Alberto Descalzo.<\/p>\n<p>Tambi\u00e9n dijeron presente el ministro de Obras P\u00fablicas, Gabriel Katopodis; la ministra de Gobierno bonaerense, Mar\u00eda Teresa Garc\u00eda; los intendentes Juan Zabaleta (Hurlingham), Gustavo Men\u00e9ndez (Merlo), Leonardo Nardini (Malvinas Argentinas), Fernando Moreira (San Mart\u00edn), Ariel Sujarchuk (Escobar); la senadora provincial Marta P\u00e9rez, y el director Ejecutivo del Hospital del Bicentenario, Fernando Al\u00ed.<\/p>\n<p>La habilitaci\u00f3n de esta \u00e1rea cuenta con 52 camas con posibilidades de ampliar a 120 en los pr\u00f3ximos d\u00edas. Adem\u00e1s, el hospital cuenta con 21 respiradores, un sistema de diagn\u00f3stico por im\u00e1genes digitalizado, sistema de almacenes, gesti\u00f3n de farmacia automatizada, 200 profesionales de la salud y equipamiento de \u00faltima tecnolog\u00eda para brindar asistencia a la poblaci\u00f3n de toda la regi\u00f3n con COVID-19.<\/p>\n<p>\u201cCelebro finalizar la segunda etapa del Hospital del Bicentenario que so\u00f1\u00f3 N\u00e9stor, que hizo Cristina, y que hoy finalizo. Celebramos la apertura de un hospital, que concentra todos sus esfuerzos en atender el Covid, pero que a futuro quedar\u00e1 en la regi\u00f3n. Todos sabemos d\u00f3nde est\u00e1 la urgencia, d\u00f3nde est\u00e1 la necesidad y qu\u00e9 es lo que tenemos que hacer\u201d, destac\u00f3 el Presidente.<\/p>\n<p>Por su parte, Kicillof expres\u00f3: \u201cSon d\u00edas para saldar deudas, hubo un acuerdo important\u00edsimo con los bonistas, pero tambi\u00e9n hay otras deudas que son m\u00e1s importantes para nuestro gobierno, como esta deuda que ten\u00edamos con el municipio y con el pueblo de Ituzaing\u00f3\u201d.<\/p>\n<p>En este sentido, el jefe comunal destac\u00f3, \u201ccelebramos trabajar en unidad junto con el Presidente, el gobernador, los ministros de Salud y los intendentes por un mismo objetivo que es el cuidado de la salud y el bienestar de nuestra comunidad\u201d, y agreg\u00f3: \u201cEstamos orgullosos de cumplir este sue\u00f1o colectivo y decir que hoy Ituzaing\u00f3 cuenta con un hospital de calidad. Desde el gobierno local siempre defendimos el acceso a la salud\u201d.<\/p>\n<p>Gin\u00e9s Gonz\u00e1lez Garc\u00eda sostuvo, \u201cen cuatro meses hemos reproducido y ampliado la capacidad de nuestros hospitales en un 48 por ciento, con 3.600 camas, respiradores, personal, estructura que permite hoy transitar holgadamente esta situaci\u00f3n dif\u00edcil\u201d.<\/p>\n<p>Cabe destacar que, una vez finalizada la pandemia, el nosocomio brindar\u00e1 el Servicio de Atenci\u00f3n M\u00e9dica Integral para la Comunidad (SAMIC), mientras que su Consejo de Administraci\u00f3n contar\u00e1 con representantes del Ministerio de Salud de Naci\u00f3n, PAMI, el Ministerio de Salud de Provincia y el municipio.<\/p>\n<p>Se proyecta que sea una referencia para 2.5 millones de vecinos de los 10 municipios bonaerenses m\u00e1s cercanos, con prioridad para la atenci\u00f3n de personas adultas mayores.<\/p>\n","protected":false},"excerpt":{"rendered":"<p>El presidente Alberto Fern\u00e1ndez, a trav\u00e9s de videoconferencia, encabez\u00f3 el acto de apertura de la segunda etapa del Hospital del Bicentenario de Ituzaing\u00f3, acompa\u00f1ado por el ministro de Salud de Naci\u00f3n, Gin\u00e9s Gonz\u00e1lez Garc\u00eda, y la directora Ejecutiva de PAMI, Luana Volnovich. Estuvieron en el lugar el gobernador de Buenos Aires, Axel Kicillof; el ministro [&hellip;]<\/p>\n","protected":false},"author":1,"featured_media":15482,"comment_status":"closed","ping_status":"open","sticky":false,"template":"","format":"standard","meta":{"footnotes":""},"categories":[29,70,20,48],"tags":[77,82,83],"class_list":{"0":"post-15481","1":"post","2":"type-post","3":"status-publish","4":"format-standard","5":"has-post-thumbnail","7":"category-ituzaingo","8":"category-las-mas-leidas","9":"category-municipios","10":"category-politica-argentina","11":"tag-alberto-descalzo","12":"tag-alberto-fernandez","13":"tag-axel-kicillof"},"aioseo_notices":[],"_links":{"self":[{"href":"https:\/\/guiadenoticias.com.ar\/diario\/wp-json\/wp\/v2\/posts\/15481","targetHints":{"allow":["GET"]}}],"collection":[{"href":"https:\/\/guiadenoticias.com.ar\/diario\/wp-json\/wp\/v2\/posts"}],"about":[{"href":"https:\/\/guiadenoticias.com.ar\/diario\/wp-json\/wp\/v2\/types\/post"}],"author":[{"embeddable":true,"href":"https:\/\/guiadenoticias.com.ar\/diario\/wp-json\/wp\/v2\/users\/1"}],"replies":[{"embeddable":true,"href":"https:\/\/guiadenoticias.com.ar\/diario\/wp-json\/wp\/v2\/comments?post=15481"}],"version-history":[{"count":1,"href":"https:\/\/guiadenoticias.com.ar\/diario\/wp-json\/wp\/v2\/posts\/15481\/revisions"}],"predecessor-version":[{"id":15483,"href":"https:\/\/guiadenoticias.com.ar\/diario\/wp-json\/wp\/v2\/posts\/15481\/revisions\/15483"}],"wp:featuredmedia":[{"embeddable":true,"href":"https:\/\/guiadenoticias.com.ar\/diario\/wp-json\/wp\/v2\/media\/15482"}],"wp:attachment":[{"href":"https:\/\/guiadenoticias.com.ar\/diario\/wp-json\/wp\/v2\/media?parent=15481"}],"wp:term":[{"taxonomy":"category","embeddable":true,"href":"https:\/\/guiadenoticias.com.ar\/diario\/wp-json\/wp\/v2\/categories?post=15481"},{"taxonomy":"post_tag","embeddable":true,"href":"https:\/\/guiadenoticias.com.ar\/diario\/wp-json\/wp\/v2\/tags?post=15481"}],"curies":[{"name":"wp","href":"https:\/\/api.w.org\/{rel}","templated":true}]}}