{"id":15509,"date":"2020-08-13T22:56:30","date_gmt":"2020-08-14T01:56:30","guid":{"rendered":"https:\/\/guiadenoticias.com.ar\/diario\/?p=15509"},"modified":"2020-08-13T22:56:30","modified_gmt":"2020-08-14T01:56:30","slug":"como-enfrentan-la-pandemia-intendentes-del-conurbano","status":"publish","type":"post","link":"https:\/\/guiadenoticias.com.ar\/diario\/como-enfrentan-la-pandemia-intendentes-del-conurbano\/","title":{"rendered":"C\u00f3mo enfrentan la pandemia intendentes del Conurbano"},"content":{"rendered":"<p>Con el eje en la pandemia por el coronavirus, la conferencia virtual fue organizada por la Asociaci\u00f3n de Periodistas de la Rep\u00fablica Argentina (APeRA) y participaron los jefes comunales Alberto Descalzo, de Ituzaing\u00f3; Leonardo Nardini, de Malvinas Argentinas; Gustavo Men\u00e9ndez, de Merlo, y Ariel Sujarchuk, de Escobar. Los intendentes del Frente de Todos dieron un panorama de la situaci\u00f3n sanitaria de cada distrito. Tambi\u00e9n hablaron sobre la asistencia financiera, la inseguridad y las pol\u00edticas sociales.<\/p>\n<p>Descalzo sostuvo que la situaci\u00f3n es dif\u00edcil porque el virus avanza, pero la gente ya se cans\u00f3. \u201cEn Ituzaing\u00f3 tenemos 1759 casos positivos, 719 altas m\u00e9dicas y 37 fallecidos. Nos confrontamos al crecimiento del virus y a la fatiga de la gente, pero el miedo nuestro es no tener las camas y el material humano necesario\u201d, confes\u00f3.<\/p>\n<p>Por otra parte, Nardini confirm\u00f3 que en Malvinas Argentinas son 2670 los casos positivos, 1029 los recuperados y 71 los fallecidos. Sin embargo, aclar\u00f3 que el distrito tiene un sistema sanitario desarrollado.<\/p>\n<p>Mientras que Men\u00e9ndez dijo que en Merlo tienen 1489 enfermos, 3958 recuperados y 61 fallecidos. Sujarchuk no habl\u00f3 de n\u00fameros, aunque mostr\u00f3 su preocupaci\u00f3n ya que en Escobar la mayor parte de los contagiados son trabajadores esenciales.<\/p>\n<p>Los cuatro jefes comunales coincidieron en que es necesario trabajar en conjunto en el AMBA porque cualquier decisi\u00f3n que se tome en la Ciudad Aut\u00f3noma provocar\u00e1 consecuencias en ambos lados de General Paz.<\/p>\n<p>Sobre la asistencia financiera, Descalz\u00f3 agradeci\u00f3 la ayuda tanto de Naci\u00f3n, como de la provincia de Buenos Aires. \u201cEsta cuarentena trajo que muchos comercios e industrias no puedan funcionar, por eso tuvimos que hacer un plan de exenciones de pagos. Estamos lejos de ser la municipalidad que se autoabastece y nos da tranquilidad saber que recibimos ayuda cuando la necesitamos; hasta ahora brindamos los servicios que los vecinos esperan\u201d.<\/p>\n<p>Los periodistas preguntaron tambi\u00e9n por la inseguridad. En ese sentido, Nardini explic\u00f3 que la semana pasada dialogaron con Axel Kicillof para armar un proyecto. Y coment\u00f3, \u201chablamos con el gobernador y tom\u00f3 el compromiso de planificar con el gobierno nacional la creaci\u00f3n de un fondo que se destine a seguridad, porque hay mucha diferencia de tecnolog\u00eda preventiva entre los municipios\u201d.<\/p>\n<p>El jefe comunal de Ituzaing\u00f3 expuso el pedido que hizo a las autoridades bonaerenses, \u201chace tiempo que reclamamos tener una polic\u00eda local con todos los recursos para hacer un proyecto de seguridad integral que incluya la Federal, la provincial y la municipal. Por eso, hablamos con Kicillof para renovar algunos patrulleros y modernizar los sistemas a partir de una ayuda econ\u00f3mica\u201d.<\/p>\n<p>A pesar de las medidas que se tomaron para hacer frente a la pandemia, Gu\u00eda de Noticias consult\u00f3 sobre las planificaciones en educaci\u00f3n, ya que la cuarentena acent\u00faa la desigualdad social. \u201cLa pandemia demostr\u00f3 que es necesario un plan social, que vale m\u00e1s tener camas que un Metrobus. Nos va a quedar una sociedad muy distinta a la que ten\u00edamos hasta ahora, tendremos que deconstruirnos para crear poblaciones m\u00e1s igualitarias. Convocaremos al debate para resignificar las prioridades del gobierno. Estoy convencido de que contamos con un presidente que le importa la salud y la educaci\u00f3n de la gente\u201d, respondi\u00f3 Sujarchuk.<\/p>\n<p>Adem\u00e1s, Men\u00e9ndez indic\u00f3: \u201cDestaco el criterio de distribuci\u00f3n que hizo la provincia sin hacer diferencias pol\u00edticas. Los municipios somos el primer mostrador del Estado y somos los que recibimos los golpes de una mala decisi\u00f3n, como nos pas\u00f3 mucho durante el gobierno anterior; pero tambi\u00e9n somos los primeros que sentimos los beneficios de las pol\u00edticas adecuadas. Creo que es una situaci\u00f3n delicada, pero controlada\u201d.<\/p>\n<p>Finalmente, los intendentes compartieron su opini\u00f3n sobre las diferencias entre la ministra de Seguridad de Naci\u00f3n, Sabina Frederic, y el ministro de Provincia Sergio Berni. En ese punto, Nardini tom\u00f3 la posta y baj\u00f3 los decibeles, \u201clos dos buscan lo mismo. Son discusiones de trabajo, como existen en todos los \u00e1mbitos, aunque no es bueno llevarla a los medios\u201d.<\/p>\n","protected":false},"excerpt":{"rendered":"<p>Con el eje en la pandemia por el coronavirus, la conferencia virtual fue organizada por la Asociaci\u00f3n de Periodistas de la Rep\u00fablica Argentina (APeRA) y participaron los jefes comunales Alberto Descalzo, de Ituzaing\u00f3; Leonardo Nardini, de Malvinas Argentinas; Gustavo Men\u00e9ndez, de Merlo, y Ariel Sujarchuk, de Escobar. Los intendentes del Frente de Todos dieron un [&hellip;]<\/p>\n","protected":false},"author":1,"featured_media":15510,"comment_status":"closed","ping_status":"open","sticky":false,"template":"","format":"standard","meta":{"footnotes":""},"categories":[29,55,20,48],"tags":[77,81,92],"class_list":{"0":"post-15509","1":"post","2":"type-post","3":"status-publish","4":"format-standard","5":"has-post-thumbnail","7":"category-ituzaingo","8":"category-merlo","9":"category-municipios","10":"category-politica-argentina","11":"tag-alberto-descalzo","12":"tag-coronavirus","13":"tag-gustavo-menendez"},"aioseo_notices":[],"_links":{"self":[{"href":"https:\/\/guiadenoticias.com.ar\/diario\/wp-json\/wp\/v2\/posts\/15509","targetHints":{"allow":["GET"]}}],"collection":[{"href":"https:\/\/guiadenoticias.com.ar\/diario\/wp-json\/wp\/v2\/posts"}],"about":[{"href":"https:\/\/guiadenoticias.com.ar\/diario\/wp-json\/wp\/v2\/types\/post"}],"author":[{"embeddable":true,"href":"https:\/\/guiadenoticias.com.ar\/diario\/wp-json\/wp\/v2\/users\/1"}],"replies":[{"embeddable":true,"href":"https:\/\/guiadenoticias.com.ar\/diario\/wp-json\/wp\/v2\/comments?post=15509"}],"version-history":[{"count":1,"href":"https:\/\/guiadenoticias.com.ar\/diario\/wp-json\/wp\/v2\/posts\/15509\/revisions"}],"predecessor-version":[{"id":15511,"href":"https:\/\/guiadenoticias.com.ar\/diario\/wp-json\/wp\/v2\/posts\/15509\/revisions\/15511"}],"wp:featuredmedia":[{"embeddable":true,"href":"https:\/\/guiadenoticias.com.ar\/diario\/wp-json\/wp\/v2\/media\/15510"}],"wp:attachment":[{"href":"https:\/\/guiadenoticias.com.ar\/diario\/wp-json\/wp\/v2\/media?parent=15509"}],"wp:term":[{"taxonomy":"category","embeddable":true,"href":"https:\/\/guiadenoticias.com.ar\/diario\/wp-json\/wp\/v2\/categories?post=15509"},{"taxonomy":"post_tag","embeddable":true,"href":"https:\/\/guiadenoticias.com.ar\/diario\/wp-json\/wp\/v2\/tags?post=15509"}],"curies":[{"name":"wp","href":"https:\/\/api.w.org\/{rel}","templated":true}]}}