{"id":15525,"date":"2020-08-17T03:31:43","date_gmt":"2020-08-17T06:31:43","guid":{"rendered":"https:\/\/guiadenoticias.com.ar\/diario\/?p=15525"},"modified":"2020-08-24T02:00:28","modified_gmt":"2020-08-24T05:00:28","slug":"el-concejo-aprobo-el-sistema-de-estacionamiento-medido-3f","status":"publish","type":"post","link":"https:\/\/guiadenoticias.com.ar\/diario\/el-concejo-aprobo-el-sistema-de-estacionamiento-medido-3f\/","title":{"rendered":"El Concejo aprob\u00f3 el Sistema de Estacionamiento Medido 3F"},"content":{"rendered":"<p>El Concejo Deliberante de Tres de Febrero aprob\u00f3 el Sistema de Estacionamiento Medido, con una votaci\u00f3n que finaliz\u00f3 14 a 10 negativas del Frente de Todos \u2013 PJ. De todos modos, desde el oficialismo aclararon que no entrar\u00e1 en vigencia mientras haya emergencia sanitaria y social. El objetivo principal es mejorar la seguridad vial, ordenar el tr\u00e1nsito y contribuir a mejorar el comercio en los principales centros urbanos.<\/p>\n<p>3F SEM est\u00e1 pensado en etapas, siendo la primera la que comprenda los centros comerciales de Caseros, Ciudadela y Santos Lugares. El sistema ser\u00e1 digital, a trav\u00e9s de una aplicaci\u00f3n desarrollada por la Universidad de La Plata. De esta manera, Tres de Febrero se suma al sistema que ya implementaron otros municipios vecinos como San Mart\u00edn, Mor\u00f3n y La Matanza.<\/p>\n<p>Seg\u00fan informaron desde el Ejecutivo, antes de su implementaci\u00f3n habr\u00e1 un per\u00edodo de prueba de 15 d\u00edas. Y ser\u00e1 de lunes a viernes de 8 a 20 horas, con un valor inicial de 22 pesos la hora, sujeto al 35% del valor de un litro de nafta s\u00faper.<\/p>\n<p>Adem\u00e1s, tiene como prop\u00f3sito la regularizaci\u00f3n de la situaci\u00f3n de los cuidacoches; a la vez que est\u00e1 prevista la generaci\u00f3n de 50 puestos de trabajo. La recaudaci\u00f3n volver\u00e1 en obras para mejorar los centros comerciales y fortalecer la actividad comercial. En otro orden, el proyecto contempla la situaci\u00f3n de frentistas.<\/p>\n<p>Asimismo, la Universidad Nacional de Tres de Febrero elabora un plan de movilidad de ordenamiento integral, que determine por caso una red de tr\u00e1nsito pesado por fuera de los barrios.<\/p>\n","protected":false},"excerpt":{"rendered":"<p>El Concejo Deliberante de Tres de Febrero aprob\u00f3 el Sistema de Estacionamiento Medido, con una votaci\u00f3n que finaliz\u00f3 14 a 10 negativas del Frente de Todos \u2013 PJ. De todos modos, desde el oficialismo aclararon que no entrar\u00e1 en vigencia mientras haya emergencia sanitaria y social. El objetivo principal es mejorar la seguridad vial, ordenar [&hellip;]<\/p>\n","protected":false},"author":1,"featured_media":15529,"comment_status":"closed","ping_status":"open","sticky":false,"template":"","format":"standard","meta":{"footnotes":""},"categories":[70,20,26],"tags":[72],"class_list":{"0":"post-15525","1":"post","2":"type-post","3":"status-publish","4":"format-standard","5":"has-post-thumbnail","7":"category-las-mas-leidas","8":"category-municipios","9":"category-tres-de-febrero","10":"tag-diego-valenzuela"},"aioseo_notices":[],"_links":{"self":[{"href":"https:\/\/guiadenoticias.com.ar\/diario\/wp-json\/wp\/v2\/posts\/15525","targetHints":{"allow":["GET"]}}],"collection":[{"href":"https:\/\/guiadenoticias.com.ar\/diario\/wp-json\/wp\/v2\/posts"}],"about":[{"href":"https:\/\/guiadenoticias.com.ar\/diario\/wp-json\/wp\/v2\/types\/post"}],"author":[{"embeddable":true,"href":"https:\/\/guiadenoticias.com.ar\/diario\/wp-json\/wp\/v2\/users\/1"}],"replies":[{"embeddable":true,"href":"https:\/\/guiadenoticias.com.ar\/diario\/wp-json\/wp\/v2\/comments?post=15525"}],"version-history":[{"count":1,"href":"https:\/\/guiadenoticias.com.ar\/diario\/wp-json\/wp\/v2\/posts\/15525\/revisions"}],"predecessor-version":[{"id":15527,"href":"https:\/\/guiadenoticias.com.ar\/diario\/wp-json\/wp\/v2\/posts\/15525\/revisions\/15527"}],"wp:featuredmedia":[{"embeddable":true,"href":"https:\/\/guiadenoticias.com.ar\/diario\/wp-json\/wp\/v2\/media\/15529"}],"wp:attachment":[{"href":"https:\/\/guiadenoticias.com.ar\/diario\/wp-json\/wp\/v2\/media?parent=15525"}],"wp:term":[{"taxonomy":"category","embeddable":true,"href":"https:\/\/guiadenoticias.com.ar\/diario\/wp-json\/wp\/v2\/categories?post=15525"},{"taxonomy":"post_tag","embeddable":true,"href":"https:\/\/guiadenoticias.com.ar\/diario\/wp-json\/wp\/v2\/tags?post=15525"}],"curies":[{"name":"wp","href":"https:\/\/api.w.org\/{rel}","templated":true}]}}