{"id":15532,"date":"2020-08-17T21:40:19","date_gmt":"2020-08-18T00:40:19","guid":{"rendered":"https:\/\/guiadenoticias.com.ar\/diario\/?p=15532"},"modified":"2020-08-17T21:40:19","modified_gmt":"2020-08-18T00:40:19","slug":"el-frente-de-todos-pj-rechaza-el-sem-3f","status":"publish","type":"post","link":"https:\/\/guiadenoticias.com.ar\/diario\/el-frente-de-todos-pj-rechaza-el-sem-3f\/","title":{"rendered":"El Frente de Todos \u2013 PJ rechaza el SEM 3F"},"content":{"rendered":"<p>En la \u00faltima sesi\u00f3n ordinaria semipresencial del Concejo Deliberante de Tres de Febrero fue aprobado el Sistema de Estacionamiento Medido, expediente que gener\u00f3 varios cruces. En ese sentido, desde la bancada del Frente de Todos \u2013 PJ, que vot\u00f3 por la negativa, destacaron que \u201cse impuso una medida que afecta directamente al bolsillo de los vecinos en un contexto dif\u00edcil, como es el de la pandemia que atravesamos\u201d.<\/p>\n<p>Desde el bloque opositor remarcaron: \u201cEn el momento en cual nuestra sociedad est\u00e1 llegando al pico de cantidad de casos por coronavirus y donde la gran preocupaci\u00f3n de muchos es cuidar nuestra salud, el gobierno municipal impuso en tiempo r\u00e9cord la implementaci\u00f3n del estacionamiento pago para las principales zonas comerciales del distrito\u201d.<\/p>\n<p>Se\u00f1alaron que dicha iniciativa recibi\u00f3 un tratamiento legislativo \u201cen tan solo 15 d\u00edas\u201d, \u201ctiempo r\u00e9cord, adem\u00e1s, si tenemos en cuenta que es un proyecto bastante sensible y afecta al bolsillo de los vecinos y vecinas del distrito, como as\u00ed tambi\u00e9n a los distintos comercios locales que ver\u00e1n afectadas sus actividades\u201d. Motivo por el cual, desde el FdT \u2013 PJ consideran que se podr\u00eda haber convocado a una Audiencia P\u00fablica.<\/p>\n<p>\u201cLo preocupante del proyecto, adem\u00e1s, es que se implementa bajo la excusa de un ordenamiento vehicular y del flujo de tr\u00e1nsito, y sin ofrecer ninguna contraprestaci\u00f3n al respecto. Parecer\u00eda que los fines de la medida fueran solamente recaudatorios\u201d, apuntaron.<\/p>\n<p><strong>EXPEDIENTES DE TODOS -PJ<\/strong><\/p>\n<p>En la sesi\u00f3n aprobaron tambi\u00e9n la incorporaci\u00f3n de la Tasa por Emergencia Civil con un monto fijo de 10 pesos en la boleta de ABL, para contribuir al sostenimiento del Cuerpo de Bomberos Voluntarios de Tres de Febrero.<\/p>\n<p>Otros proyectos de los concejales del bloque del Frente de Todos \u2013 PJ: benepl\u00e1cito al proyecto de ley referido a la regularizaci\u00f3n, abastecimiento y uso de Cannabis y sus derivados con finalidad medicinal; y benepl\u00e1cito al proyecto de ley sobre creaci\u00f3n de Juzgado de Garant\u00eda en lo Penal.<\/p>\n<p>Adem\u00e1s, los ediles aprobaron despachos de comisiones, entre los cuales se declar\u00f3 de Inter\u00e9s Legislativo el 70\u00b0 aniversario de la creaci\u00f3n del Jard\u00edn N\u00b0901 \u2013 Pinocho, de Ciudad Jard\u00edn; y la reparaci\u00f3n de baches, luminarias, sem\u00e1foros y c\u00e1maras de seguridad.<\/p>\n","protected":false},"excerpt":{"rendered":"<p>En la \u00faltima sesi\u00f3n ordinaria semipresencial del Concejo Deliberante de Tres de Febrero fue aprobado el Sistema de Estacionamiento Medido, expediente que gener\u00f3 varios cruces. En ese sentido, desde la bancada del Frente de Todos \u2013 PJ, que vot\u00f3 por la negativa, destacaron que \u201cse impuso una medida que afecta directamente al bolsillo de los [&hellip;]<\/p>\n","protected":false},"author":1,"featured_media":15533,"comment_status":"closed","ping_status":"open","sticky":false,"template":"","format":"standard","meta":{"footnotes":""},"categories":[20,48,26],"tags":[72,104],"class_list":{"0":"post-15532","1":"post","2":"type-post","3":"status-publish","4":"format-standard","5":"has-post-thumbnail","7":"category-municipios","8":"category-politica-argentina","9":"category-tres-de-febrero","10":"tag-diego-valenzuela","11":"tag-frente-de-todos"},"aioseo_notices":[],"_links":{"self":[{"href":"https:\/\/guiadenoticias.com.ar\/diario\/wp-json\/wp\/v2\/posts\/15532","targetHints":{"allow":["GET"]}}],"collection":[{"href":"https:\/\/guiadenoticias.com.ar\/diario\/wp-json\/wp\/v2\/posts"}],"about":[{"href":"https:\/\/guiadenoticias.com.ar\/diario\/wp-json\/wp\/v2\/types\/post"}],"author":[{"embeddable":true,"href":"https:\/\/guiadenoticias.com.ar\/diario\/wp-json\/wp\/v2\/users\/1"}],"replies":[{"embeddable":true,"href":"https:\/\/guiadenoticias.com.ar\/diario\/wp-json\/wp\/v2\/comments?post=15532"}],"version-history":[{"count":1,"href":"https:\/\/guiadenoticias.com.ar\/diario\/wp-json\/wp\/v2\/posts\/15532\/revisions"}],"predecessor-version":[{"id":15534,"href":"https:\/\/guiadenoticias.com.ar\/diario\/wp-json\/wp\/v2\/posts\/15532\/revisions\/15534"}],"wp:featuredmedia":[{"embeddable":true,"href":"https:\/\/guiadenoticias.com.ar\/diario\/wp-json\/wp\/v2\/media\/15533"}],"wp:attachment":[{"href":"https:\/\/guiadenoticias.com.ar\/diario\/wp-json\/wp\/v2\/media?parent=15532"}],"wp:term":[{"taxonomy":"category","embeddable":true,"href":"https:\/\/guiadenoticias.com.ar\/diario\/wp-json\/wp\/v2\/categories?post=15532"},{"taxonomy":"post_tag","embeddable":true,"href":"https:\/\/guiadenoticias.com.ar\/diario\/wp-json\/wp\/v2\/tags?post=15532"}],"curies":[{"name":"wp","href":"https:\/\/api.w.org\/{rel}","templated":true}]}}