{"id":15553,"date":"2020-08-20T02:39:26","date_gmt":"2020-08-20T05:39:26","guid":{"rendered":"https:\/\/guiadenoticias.com.ar\/diario\/?p=15553"},"modified":"2020-08-20T02:39:26","modified_gmt":"2020-08-20T05:39:26","slug":"ghi-entrego-respiradores-para-clinicas-de-moron","status":"publish","type":"post","link":"https:\/\/guiadenoticias.com.ar\/diario\/ghi-entrego-respiradores-para-clinicas-de-moron\/","title":{"rendered":"Ghi entreg\u00f3 respiradores para cl\u00ednicas de Mor\u00f3n"},"content":{"rendered":"<p>El intendente Lucas Ghi particip\u00f3 de la entrega de respiradores, destinados a las cl\u00ednicas Alcorta y Tachella, de Haedo; la cl\u00ednica Constituyentes y el Instituto M\u00e9dico Ag\u00fcero, de Mor\u00f3n.<\/p>\n<p>Mediante el trabajo articulado entre el municipio y el Ministerio de Salud de Naci\u00f3n, se destinar\u00e1n en comodato tres dispositivos a cada instituci\u00f3n, con el objetivo de ampliar la capacidad de camas cr\u00edticas del sistema privado de salud en el distrito, ante la pandemia por el coronavirus.<\/p>\n<p>\u00abHicimos una gesti\u00f3n ante el ministerio y r\u00e1pidamente entendi\u00f3 que el pedido era razonable, y estaba en la direcci\u00f3n adecuada, ya que estos respiradores van a fortalecer la capacidad de respuesta de las cl\u00ednicas de Mor\u00f3n, para que en \u00faltima instancia, cualquier vecino o vecina que necesite este recurso, pueda tenerlo a disposici\u00f3n\u00bb, se\u00f1al\u00f3 el jefe comunal.<\/p>\n<p>Agreg\u00f3 tambi\u00e9n que \u00abesto se inscribe en el marco de las acciones que llevamos adelante desde el Comit\u00e9 de Seguimiento de las Pol\u00edticas de Emergencia Sanitaria, que tiene una agenda basada en la coordinaci\u00f3n de esfuerzos y la complementariedad de recursos, ya que entendemos que es el camino adecuado para defendernos de este virus\u00bb.<\/p>\n<p>Desde el inicio de la emergencia sanitaria, el municipio lleva adelante un trabajo integrado entre los efectores de salud que convergen en el distrito, no s\u00f3lo el subsistema privado, sino que coordinan acciones con Naci\u00f3n y Provincia, a trav\u00e9s del Hospital Nacional Alejandro Posadas, de El Palomar y el Hospital Interzonal General de Agudos Luis G\u00fcemes, de Haedo.<\/p>\n","protected":false},"excerpt":{"rendered":"<p>El intendente Lucas Ghi particip\u00f3 de la entrega de respiradores, destinados a las cl\u00ednicas Alcorta y Tachella, de Haedo; la cl\u00ednica Constituyentes y el Instituto M\u00e9dico Ag\u00fcero, de Mor\u00f3n. Mediante el trabajo articulado entre el municipio y el Ministerio de Salud de Naci\u00f3n, se destinar\u00e1n en comodato tres dispositivos a cada instituci\u00f3n, con el objetivo [&hellip;]<\/p>\n","protected":false},"author":1,"featured_media":15554,"comment_status":"closed","ping_status":"open","sticky":false,"template":"","format":"standard","meta":{"footnotes":""},"categories":[28,20],"tags":[73,93],"class_list":{"0":"post-15553","1":"post","2":"type-post","3":"status-publish","4":"format-standard","5":"has-post-thumbnail","7":"category-moron","8":"category-municipios","9":"tag-lucas-ghi","10":"tag-martin-sabbatella"},"aioseo_notices":[],"_links":{"self":[{"href":"https:\/\/guiadenoticias.com.ar\/diario\/wp-json\/wp\/v2\/posts\/15553","targetHints":{"allow":["GET"]}}],"collection":[{"href":"https:\/\/guiadenoticias.com.ar\/diario\/wp-json\/wp\/v2\/posts"}],"about":[{"href":"https:\/\/guiadenoticias.com.ar\/diario\/wp-json\/wp\/v2\/types\/post"}],"author":[{"embeddable":true,"href":"https:\/\/guiadenoticias.com.ar\/diario\/wp-json\/wp\/v2\/users\/1"}],"replies":[{"embeddable":true,"href":"https:\/\/guiadenoticias.com.ar\/diario\/wp-json\/wp\/v2\/comments?post=15553"}],"version-history":[{"count":1,"href":"https:\/\/guiadenoticias.com.ar\/diario\/wp-json\/wp\/v2\/posts\/15553\/revisions"}],"predecessor-version":[{"id":15555,"href":"https:\/\/guiadenoticias.com.ar\/diario\/wp-json\/wp\/v2\/posts\/15553\/revisions\/15555"}],"wp:featuredmedia":[{"embeddable":true,"href":"https:\/\/guiadenoticias.com.ar\/diario\/wp-json\/wp\/v2\/media\/15554"}],"wp:attachment":[{"href":"https:\/\/guiadenoticias.com.ar\/diario\/wp-json\/wp\/v2\/media?parent=15553"}],"wp:term":[{"taxonomy":"category","embeddable":true,"href":"https:\/\/guiadenoticias.com.ar\/diario\/wp-json\/wp\/v2\/categories?post=15553"},{"taxonomy":"post_tag","embeddable":true,"href":"https:\/\/guiadenoticias.com.ar\/diario\/wp-json\/wp\/v2\/tags?post=15553"}],"curies":[{"name":"wp","href":"https:\/\/api.w.org\/{rel}","templated":true}]}}