{"id":15561,"date":"2020-08-21T02:43:18","date_gmt":"2020-08-21T05:43:18","guid":{"rendered":"https:\/\/guiadenoticias.com.ar\/diario\/?p=15561"},"modified":"2020-08-21T02:43:18","modified_gmt":"2020-08-21T05:43:18","slug":"kicillof-y-duhalde-firmaron-convenio-para-promover-la-produccion","status":"publish","type":"post","link":"https:\/\/guiadenoticias.com.ar\/diario\/kicillof-y-duhalde-firmaron-convenio-para-promover-la-produccion\/","title":{"rendered":"Kicillof y Duhalde firmaron convenio para promover la producci\u00f3n"},"content":{"rendered":"<p>Axel Kicillof, Eduardo Duhalde, Augusto Costa y Carlos Brown firmaron un acuerdo entre el Ministerio de Producci\u00f3n, Ciencia e Innovaci\u00f3n Tecnol\u00f3gica y el Movimiento Productivo Argentino, para promover la producci\u00f3n en territorio bonaerense.<\/p>\n<p>En la sede de la Gobernaci\u00f3n, el mandatario, el ministro, el ex presidente y el titular y director Ejecutivo del MPA, mantuvieron un contacto virtual con representantes de las c\u00e1maras empresarias y de sectores productivos.<\/p>\n<p>En ese marco, Kicillof record\u00f3 que durante la campa\u00f1a electoral los ejes de su propuesta fueron salud, educaci\u00f3n, producci\u00f3n y trabajo. Adem\u00e1s, destac\u00f3 que \u201ca la provincia hac\u00eda tiempo que le faltaba un plan integral de desarrollo productivo\u201d.<\/p>\n<p>Por su parte, Duhalde se refiri\u00f3 al convenio: \u201cEs alentador que hayan puesto la mira en la producci\u00f3n, nuestra provincia es la m\u00e1s productiva del pa\u00eds\u201d.<\/p>\n","protected":false},"excerpt":{"rendered":"<p>Axel Kicillof, Eduardo Duhalde, Augusto Costa y Carlos Brown firmaron un acuerdo entre el Ministerio de Producci\u00f3n, Ciencia e Innovaci\u00f3n Tecnol\u00f3gica y el Movimiento Productivo Argentino, para promover la producci\u00f3n en territorio bonaerense. En la sede de la Gobernaci\u00f3n, el mandatario, el ministro, el ex presidente y el titular y director Ejecutivo del MPA, mantuvieron [&hellip;]<\/p>\n","protected":false},"author":1,"featured_media":15562,"comment_status":"closed","ping_status":"open","sticky":false,"template":"","format":"standard","meta":{"footnotes":""},"categories":[20,48,31],"tags":[83,121],"class_list":{"0":"post-15561","1":"post","2":"type-post","3":"status-publish","4":"format-standard","5":"has-post-thumbnail","7":"category-municipios","8":"category-politica-argentina","9":"category-provincia","10":"tag-axel-kicillof","11":"tag-eduardo-duhalde"},"aioseo_notices":[],"_links":{"self":[{"href":"https:\/\/guiadenoticias.com.ar\/diario\/wp-json\/wp\/v2\/posts\/15561","targetHints":{"allow":["GET"]}}],"collection":[{"href":"https:\/\/guiadenoticias.com.ar\/diario\/wp-json\/wp\/v2\/posts"}],"about":[{"href":"https:\/\/guiadenoticias.com.ar\/diario\/wp-json\/wp\/v2\/types\/post"}],"author":[{"embeddable":true,"href":"https:\/\/guiadenoticias.com.ar\/diario\/wp-json\/wp\/v2\/users\/1"}],"replies":[{"embeddable":true,"href":"https:\/\/guiadenoticias.com.ar\/diario\/wp-json\/wp\/v2\/comments?post=15561"}],"version-history":[{"count":1,"href":"https:\/\/guiadenoticias.com.ar\/diario\/wp-json\/wp\/v2\/posts\/15561\/revisions"}],"predecessor-version":[{"id":15563,"href":"https:\/\/guiadenoticias.com.ar\/diario\/wp-json\/wp\/v2\/posts\/15561\/revisions\/15563"}],"wp:featuredmedia":[{"embeddable":true,"href":"https:\/\/guiadenoticias.com.ar\/diario\/wp-json\/wp\/v2\/media\/15562"}],"wp:attachment":[{"href":"https:\/\/guiadenoticias.com.ar\/diario\/wp-json\/wp\/v2\/media?parent=15561"}],"wp:term":[{"taxonomy":"category","embeddable":true,"href":"https:\/\/guiadenoticias.com.ar\/diario\/wp-json\/wp\/v2\/categories?post=15561"},{"taxonomy":"post_tag","embeddable":true,"href":"https:\/\/guiadenoticias.com.ar\/diario\/wp-json\/wp\/v2\/tags?post=15561"}],"curies":[{"name":"wp","href":"https:\/\/api.w.org\/{rel}","templated":true}]}}