{"id":15587,"date":"2020-08-21T21:09:38","date_gmt":"2020-08-22T00:09:38","guid":{"rendered":"https:\/\/guiadenoticias.com.ar\/diario\/?p=15587"},"modified":"2020-08-21T21:09:38","modified_gmt":"2020-08-22T00:09:38","slug":"comerciantes-cuestionan-el-estacionamiento-medido-en-3f","status":"publish","type":"post","link":"https:\/\/guiadenoticias.com.ar\/diario\/comerciantes-cuestionan-el-estacionamiento-medido-en-3f\/","title":{"rendered":"Comerciantes cuestionan el estacionamiento medido en 3F"},"content":{"rendered":"<p>El Concejo Deliberante de Tres de Febrero aprob\u00f3 el Sistema de Estacionamiento Medido (SEM) para los centros comerciales del distrito. En este sentido, Gu\u00eda de Noticias dialog\u00f3 con Santiago Iuzzolino, presidente de la C\u00e1mara de Comercio e Industria, y con Carlos Ledo, integrante de la comisi\u00f3n de la Uni\u00f3n de Comerciantes de Villa Bosch.<\/p>\n<p>Iuzzolino mencion\u00f3, \u201cnos sorprendi\u00f3 que se trate el proyecto, porque nunca tuvimos comunicaci\u00f3n por parte del municipio acerca del tema. No hay gran oposici\u00f3n a que se implemente, pero no es el momento ni la manera. Nos llam\u00f3 mucho la atenci\u00f3n la urgencia de tratarlo\u201d; agreg\u00f3 que \u201calguna vez planteamos un ordenamiento en general de la circulaci\u00f3n vehicular, pero es inoportuno hacerlo ahora que la situaci\u00f3n comercial es muy delicada\u201d.<\/p>\n<p>El SEM ya funciona en distritos vecinos, como San Mart\u00edn. En Tres de Febrero, la puesta en marcha ser\u00e1 gradual y primero ser\u00e1 en los centros comerciales de Caseros, Ciudadela, Santos Lugares y S\u00e1enz Pe\u00f1a; luego se sumar\u00e1n Villa Bosch, Ciudad Jard\u00edn y Mart\u00edn Coronado.<\/p>\n<p>\u201cD\u00edas antes de la votaci\u00f3n, le pedimos al intendente que quer\u00edamos participar, dar nuestra opini\u00f3n y colaborar, pero nos manifest\u00f3 que no iba a ser posible. El sector que representamos qued\u00f3 muy molesto. Ahora esperamos que se nos convoque para que su activaci\u00f3n sea lo menos perjudicial para nosotros\u201d, se\u00f1al\u00f3 el tambi\u00e9n referente radical.<\/p>\n<p>Por su parte, Ledo, que es un reconocido comerciante de Villa Bosch, opin\u00f3: \u201cTuvimos algunas reuniones por Zoom, pero despu\u00e9s de que el Concejo aprob\u00f3 el proyecto. Nos dijeron que no se va a implementar en nuestro barrio hasta 2022. Hay que analizarlo bien porque esto nos deja en desigualdad, si la gente tiene la posibilidad de ir a una cadena de supermercados con estacionamiento gratuito no va a pagar para dejar el auto y venir a nuestros comercios. Te dicen que quieren defender al negocio de barrio, pero esto muestra que es mentira\u201d.<\/p>\n<p>Diego Valenzuela, intendente de Tres de Febrero, aclar\u00f3 que a pesar de aprobar el proyecto del SEM, no se pondr\u00e1 en funcionamiento hasta que mejore la situaci\u00f3n sanitaria y social.<\/p>\n<p>Adem\u00e1s, desde el municipio explicaron que esto ser\u00e1 beneficioso porque traer\u00e1 flujo comercial, sin embargo, Ledo se mostr\u00f3 en total desacuerdo. \u201cNos dicen que es para ordenar el tr\u00e1nsito, pero para m\u00ed es netamente recaudatorio. Estuvimos cuatro meses sin trabajar, pagando sueldos e impuestos y nos ponen m\u00e1s trabas. Ellos dicen que es un beneficio, pero no lo veo as\u00ed, menos en este momento\u201d.<\/p>\n<p>El estacionamiento medido tendr\u00e1 algunas excepciones y permisos especiales, por ejemplo, los frentistas podr\u00e1n estacionar sin cargo a partir de un registro de veh\u00edculos y para los comerciantes se delimitar\u00e1 el frente del local.<\/p>\n<p>El sistema funcionar\u00e1 de 8 a 20 y tendr\u00e1 un valor de 22 pesos por hora. Si bien no hay gran resistencia al programa el enojo de los comerciantes es por la imprudencia de tratarlo durante una crisis econ\u00f3mica y por no llamarlos a debatir.<\/p>\n<p>\u201cNosotros proponemos que sea de 8.30 a 19 y que sea libre los fines de semana para que haya una reactivaci\u00f3n comercial. Tambi\u00e9n, el intendente nos comunic\u00f3 que parte de esa recaudaci\u00f3n se destinar\u00e1 al mejoramiento de los centros comerciales y nos gustar\u00eda saber cu\u00e1l ser\u00e1 ese porcentaje. Una gran mayor\u00eda pide que primero se haga un estudio profundo de circulaci\u00f3n vehicular, de horarios y una comunicaci\u00f3n y se\u00f1alamiento adecuado antes de implementarlo\u201d, manifest\u00f3 Iuzzolino.<\/p>\n<p>Para cerrar, Ledo declar\u00f3: \u201cNo se consult\u00f3 con nadie, ni a los comerciantes, ni a las industrias, a las ONGs o a los centros culturales y eso duele porque los concejales son elegidos por los vecinos, pero al final responden a sus bases\u201d.<\/p>\n","protected":false},"excerpt":{"rendered":"<p>El Concejo Deliberante de Tres de Febrero aprob\u00f3 el Sistema de Estacionamiento Medido (SEM) para los centros comerciales del distrito. En este sentido, Gu\u00eda de Noticias dialog\u00f3 con Santiago Iuzzolino, presidente de la C\u00e1mara de Comercio e Industria, y con Carlos Ledo, integrante de la comisi\u00f3n de la Uni\u00f3n de Comerciantes de Villa Bosch. Iuzzolino [&hellip;]<\/p>\n","protected":false},"author":1,"featured_media":15588,"comment_status":"closed","ping_status":"open","sticky":false,"template":"","format":"standard","meta":{"footnotes":""},"categories":[49,20,26],"tags":[72,123],"class_list":{"0":"post-15587","1":"post","2":"type-post","3":"status-publish","4":"format-standard","5":"has-post-thumbnail","7":"category-economia-y-gremiales","8":"category-municipios","9":"category-tres-de-febrero","10":"tag-diego-valenzuela","11":"tag-economia"},"aioseo_notices":[],"_links":{"self":[{"href":"https:\/\/guiadenoticias.com.ar\/diario\/wp-json\/wp\/v2\/posts\/15587","targetHints":{"allow":["GET"]}}],"collection":[{"href":"https:\/\/guiadenoticias.com.ar\/diario\/wp-json\/wp\/v2\/posts"}],"about":[{"href":"https:\/\/guiadenoticias.com.ar\/diario\/wp-json\/wp\/v2\/types\/post"}],"author":[{"embeddable":true,"href":"https:\/\/guiadenoticias.com.ar\/diario\/wp-json\/wp\/v2\/users\/1"}],"replies":[{"embeddable":true,"href":"https:\/\/guiadenoticias.com.ar\/diario\/wp-json\/wp\/v2\/comments?post=15587"}],"version-history":[{"count":1,"href":"https:\/\/guiadenoticias.com.ar\/diario\/wp-json\/wp\/v2\/posts\/15587\/revisions"}],"predecessor-version":[{"id":15589,"href":"https:\/\/guiadenoticias.com.ar\/diario\/wp-json\/wp\/v2\/posts\/15587\/revisions\/15589"}],"wp:featuredmedia":[{"embeddable":true,"href":"https:\/\/guiadenoticias.com.ar\/diario\/wp-json\/wp\/v2\/media\/15588"}],"wp:attachment":[{"href":"https:\/\/guiadenoticias.com.ar\/diario\/wp-json\/wp\/v2\/media?parent=15587"}],"wp:term":[{"taxonomy":"category","embeddable":true,"href":"https:\/\/guiadenoticias.com.ar\/diario\/wp-json\/wp\/v2\/categories?post=15587"},{"taxonomy":"post_tag","embeddable":true,"href":"https:\/\/guiadenoticias.com.ar\/diario\/wp-json\/wp\/v2\/tags?post=15587"}],"curies":[{"name":"wp","href":"https:\/\/api.w.org\/{rel}","templated":true}]}}