{"id":15591,"date":"2020-08-22T03:37:52","date_gmt":"2020-08-22T06:37:52","guid":{"rendered":"https:\/\/guiadenoticias.com.ar\/diario\/?p=15591"},"modified":"2020-08-29T04:23:34","modified_gmt":"2020-08-29T07:23:34","slug":"trabajadores-reclamaron-por-la-reapertura-del-aeropuerto-de-el-palomar","status":"publish","type":"post","link":"https:\/\/guiadenoticias.com.ar\/diario\/trabajadores-reclamaron-por-la-reapertura-del-aeropuerto-de-el-palomar\/","title":{"rendered":"Trabajadores reclamaron por la reapertura del aeropuerto de El Palomar"},"content":{"rendered":"<p>Trabajadores de Flybondi y Jetsmart &#8211; con el apoyo de los de Norwegian &#8211; realizaron el jueves 20 una manifestaci\u00f3n en la entrada del aeropuerto de El Palomar, cuya reapertura es incierta. Lo cierto es que desde su llegada a la zona, en 2018, esta terminal gener\u00f3 adherentes y detractores.<\/p>\n<p>La convocatoria reuni\u00f3 a cientos de personas, entre quienes hubo vecinos y comerciantes. No faltaron las banderas, las pancartas y los bombos. Estuvieron all\u00ed un par de horas, suficientes para visualizar la problem\u00e1tica.<\/p>\n<p>En di\u00e1logo con Gu\u00eda de Noticias, Santiago Galione, tripulante de cabina de Flybondi y vocero de la Asociaci\u00f3n de Trabajadores, quien trabaja en aviaci\u00f3n desde 1992, mencion\u00f3 que \u201ces todo incertidumbre, por eso nos autoconvocamos no s\u00f3lo en Palomar sino en todos los aeropuertos en donde operamos\u201d.<\/p>\n<p>La consigna: \u201cSe solicita el no cierre del aeropuerto de El Palomar y la reactivaci\u00f3n del transporte aerocomercial. Estamos convencidos de que cumpliendo un estricto protocolo, los cielos se pueden abrir. Pedimos tambi\u00e9n la preservaci\u00f3n y reactivaci\u00f3n de los miles de puestos de trabajo directos e indirectos\u201d.<\/p>\n<p>Hay dos conflictos de fondo. Por un lado, la solicitud de traslado de Aeropuertos Argentina 2000, que contar\u00eda con el gui\u00f1o del Gobierno; y la presentaci\u00f3n judicial, a cargo de la jueza Martina Forns. Como contrapartida, en los \u00faltimos d\u00edas, los intendentes de Mor\u00f3n y de Tres de Febrero, Lucas Ghi y Diego Valenzuela, respectivamente, destacaron la importancia de conservar los puestos de trabajo.<\/p>\n<p>Consultado por las objeciones recientes del ministro Mario Meoni, Galione se\u00f1al\u00f3, \u201cprecisamos que este aeropuerto opere porque es parte del negocio low cost. Es inclusivo, dio la posibilidad de volar a m\u00e1s de 3 millones de pasajeros\u201d, y agreg\u00f3 que \u201cen todas las ciudades del mundo las l\u00edneas a\u00e9reas low cost operan en aeropuertos alternativos\u201d.<\/p>\n<p>Respecto a las condiciones laborales, record\u00f3, \u201cnegociamos una rebaja salarial, porque es de la \u00fanica manera que puede tener viabilidad la compa\u00f1\u00eda en estos momentos\u201d. La actividad aerocomercial retomar\u00eda en noviembre, pero no hay certeza. \u201cEs inviable para una compa\u00f1\u00eda privada estar tiempo indeterminado sin trabajar\u201d.<\/p>\n<p>Indic\u00f3: \u201cNo tenemos respuesta del Gobierno. Enviamos varias cartas al ministro de Transporte, a la titular de la ANAC y al presidente de la Naci\u00f3n\u201d, y concluy\u00f3, \u201cde no obtener respuesta continuaremos manifest\u00e1ndonos de forma pac\u00edfica\u201d.<\/p>\n<p><strong>LA MOVIDA DE LA EMPRESA<\/strong><\/p>\n<p>Flybondi encarg\u00f3 una encuesta de opini\u00f3n p\u00fablica de alcance nacional, segmentada en la zona cercana al AEP para conocer la opini\u00f3n de los vecinos y vecinas de Mor\u00f3n, Hurlingham y Tres de Febrero. Del estudio se desprendi\u00f3 que 8 de cada 10 personas quieren que sigan los vuelos regulares. Adem\u00e1s, El Palomar ocupa el cuarto lugar en el ranking de aeropuertos que m\u00e1s pasajeros transporta en vuelos de cabotaje.<\/p>\n","protected":false},"excerpt":{"rendered":"<p>Trabajadores de Flybondi y Jetsmart &#8211; con el apoyo de los de Norwegian &#8211; realizaron el jueves 20 una manifestaci\u00f3n en la entrada del aeropuerto de El Palomar, cuya reapertura es incierta. Lo cierto es que desde su llegada a la zona, en 2018, esta terminal gener\u00f3 adherentes y detractores. La convocatoria reuni\u00f3 a cientos [&hellip;]<\/p>\n","protected":false},"author":1,"featured_media":15592,"comment_status":"closed","ping_status":"open","sticky":false,"template":"","format":"standard","meta":{"footnotes":""},"categories":[49,19,70],"tags":[72,73],"class_list":{"0":"post-15591","1":"post","2":"type-post","3":"status-publish","4":"format-standard","5":"has-post-thumbnail","7":"category-economia-y-gremiales","8":"category-informacion-general","9":"category-las-mas-leidas","10":"tag-diego-valenzuela","11":"tag-lucas-ghi"},"aioseo_notices":[],"_links":{"self":[{"href":"https:\/\/guiadenoticias.com.ar\/diario\/wp-json\/wp\/v2\/posts\/15591","targetHints":{"allow":["GET"]}}],"collection":[{"href":"https:\/\/guiadenoticias.com.ar\/diario\/wp-json\/wp\/v2\/posts"}],"about":[{"href":"https:\/\/guiadenoticias.com.ar\/diario\/wp-json\/wp\/v2\/types\/post"}],"author":[{"embeddable":true,"href":"https:\/\/guiadenoticias.com.ar\/diario\/wp-json\/wp\/v2\/users\/1"}],"replies":[{"embeddable":true,"href":"https:\/\/guiadenoticias.com.ar\/diario\/wp-json\/wp\/v2\/comments?post=15591"}],"version-history":[{"count":1,"href":"https:\/\/guiadenoticias.com.ar\/diario\/wp-json\/wp\/v2\/posts\/15591\/revisions"}],"predecessor-version":[{"id":15593,"href":"https:\/\/guiadenoticias.com.ar\/diario\/wp-json\/wp\/v2\/posts\/15591\/revisions\/15593"}],"wp:featuredmedia":[{"embeddable":true,"href":"https:\/\/guiadenoticias.com.ar\/diario\/wp-json\/wp\/v2\/media\/15592"}],"wp:attachment":[{"href":"https:\/\/guiadenoticias.com.ar\/diario\/wp-json\/wp\/v2\/media?parent=15591"}],"wp:term":[{"taxonomy":"category","embeddable":true,"href":"https:\/\/guiadenoticias.com.ar\/diario\/wp-json\/wp\/v2\/categories?post=15591"},{"taxonomy":"post_tag","embeddable":true,"href":"https:\/\/guiadenoticias.com.ar\/diario\/wp-json\/wp\/v2\/tags?post=15591"}],"curies":[{"name":"wp","href":"https:\/\/api.w.org\/{rel}","templated":true}]}}