{"id":15599,"date":"2020-08-24T01:55:37","date_gmt":"2020-08-24T04:55:37","guid":{"rendered":"https:\/\/guiadenoticias.com.ar\/diario\/?p=15599"},"modified":"2020-08-24T01:55:37","modified_gmt":"2020-08-24T04:55:37","slug":"avanza-la-urbanizacion-del-barrio-bajo-san-isidro","status":"publish","type":"post","link":"https:\/\/guiadenoticias.com.ar\/diario\/avanza-la-urbanizacion-del-barrio-bajo-san-isidro\/","title":{"rendered":"Avanza la urbanizaci\u00f3n del barrio Bajo San Isidro"},"content":{"rendered":"<p>El municipio avanza en el programa de mejoramiento de h\u00e1bitat del barrio Bajo San Isidro, delimitado por las calles Camino de la Ribera &#8211; El Fomentista, Roque S\u00e1enz Pe\u00f1a, Gaboto, Mart\u00edn y Omar y Pedro de Mendoza, incluidas Cnel. Obarrio, Cnel. Rosales y varios pasajes.<\/p>\n<p>Recientemente, se entregaron 12 viviendas nuevas. Los vecinos beneficiados se encontraban en un grado de vulnerabilidad que los ubicaba en los primeros lugares del censo del Registro Nacional de Barrios Populares (RENABAP).<\/p>\n<p>Las obras se ejecutaron en el marco del convenio firmado entre la Municipalidad y la Secretaria de Vivienda y H\u00e1bitat de Naci\u00f3n, que contempla un amplio programa de urbanizaci\u00f3n, red pluvial y nueva iluminaci\u00f3n, entre otras mejoras.<\/p>\n<p>\u201cA trav\u00e9s del programa se llev\u00f3 adelante el tendido de la red de gas y el mejoramiento del resto de las viviendas, priorizando m\u00f3dulos de ba\u00f1o, cocina y electricidad. Tambi\u00e9n, se ejecut\u00f3 la pavimentaci\u00f3n de Mart\u00edn y Omar entre El Fomentista y Pedro de Mendoza; y la colocaci\u00f3n de pavimento articulado en El Fomentista, entre Camino de la Ribera y Roque S\u00e1enz Pe\u00f1a\u201d, explicaron desde la Secretar\u00eda de Obras P\u00fablicas.<\/p>\n<p>Cabe recordar que en este marco construyeron un sistema de desag\u00fces de aproximadamente 1000 metros de largo. El nuevo conducto se conecta a la estaci\u00f3n de bombeo de la calle Mart\u00edn y Omar, y permite desagotar en forma r\u00e1pida la zona comprendida por las calles Roque S\u00e1enz Pe\u00f1a, Pedro de Mendoza, el Fomentista y Mart\u00edn y Omar.<\/p>\n<p>\u201cEl objetivo de este amplio programa de urbanizaci\u00f3n es lograr una mayor inclusi\u00f3n social del barrio con el resto de la comunidad y la ciudad. Buscamos que todos los vecinos puedan vivir en igualdad de condiciones con acceso a los servicios cloacales, agua potable e integraci\u00f3n\u201d, contaron desde el municipio<\/p>\n","protected":false},"excerpt":{"rendered":"<p>El municipio avanza en el programa de mejoramiento de h\u00e1bitat del barrio Bajo San Isidro, delimitado por las calles Camino de la Ribera &#8211; El Fomentista, Roque S\u00e1enz Pe\u00f1a, Gaboto, Mart\u00edn y Omar y Pedro de Mendoza, incluidas Cnel. Obarrio, Cnel. Rosales y varios pasajes. Recientemente, se entregaron 12 viviendas nuevas. Los vecinos beneficiados se [&hellip;]<\/p>\n","protected":false},"author":1,"featured_media":15600,"comment_status":"closed","ping_status":"open","sticky":false,"template":"","format":"standard","meta":{"footnotes":""},"categories":[20,21],"tags":[],"class_list":{"0":"post-15599","1":"post","2":"type-post","3":"status-publish","4":"format-standard","5":"has-post-thumbnail","7":"category-municipios","8":"category-san-isidro"},"aioseo_notices":[],"_links":{"self":[{"href":"https:\/\/guiadenoticias.com.ar\/diario\/wp-json\/wp\/v2\/posts\/15599","targetHints":{"allow":["GET"]}}],"collection":[{"href":"https:\/\/guiadenoticias.com.ar\/diario\/wp-json\/wp\/v2\/posts"}],"about":[{"href":"https:\/\/guiadenoticias.com.ar\/diario\/wp-json\/wp\/v2\/types\/post"}],"author":[{"embeddable":true,"href":"https:\/\/guiadenoticias.com.ar\/diario\/wp-json\/wp\/v2\/users\/1"}],"replies":[{"embeddable":true,"href":"https:\/\/guiadenoticias.com.ar\/diario\/wp-json\/wp\/v2\/comments?post=15599"}],"version-history":[{"count":1,"href":"https:\/\/guiadenoticias.com.ar\/diario\/wp-json\/wp\/v2\/posts\/15599\/revisions"}],"predecessor-version":[{"id":15601,"href":"https:\/\/guiadenoticias.com.ar\/diario\/wp-json\/wp\/v2\/posts\/15599\/revisions\/15601"}],"wp:featuredmedia":[{"embeddable":true,"href":"https:\/\/guiadenoticias.com.ar\/diario\/wp-json\/wp\/v2\/media\/15600"}],"wp:attachment":[{"href":"https:\/\/guiadenoticias.com.ar\/diario\/wp-json\/wp\/v2\/media?parent=15599"}],"wp:term":[{"taxonomy":"category","embeddable":true,"href":"https:\/\/guiadenoticias.com.ar\/diario\/wp-json\/wp\/v2\/categories?post=15599"},{"taxonomy":"post_tag","embeddable":true,"href":"https:\/\/guiadenoticias.com.ar\/diario\/wp-json\/wp\/v2\/tags?post=15599"}],"curies":[{"name":"wp","href":"https:\/\/api.w.org\/{rel}","templated":true}]}}