{"id":15644,"date":"2020-08-28T02:28:56","date_gmt":"2020-08-28T05:28:56","guid":{"rendered":"https:\/\/guiadenoticias.com.ar\/diario\/?p=15644"},"modified":"2020-08-28T02:30:24","modified_gmt":"2020-08-28T05:30:24","slug":"ferroviarios-paralizan-este-viernes-el-servicio-del-tren-mitre","status":"publish","type":"post","link":"https:\/\/guiadenoticias.com.ar\/diario\/ferroviarios-paralizan-este-viernes-el-servicio-del-tren-mitre\/","title":{"rendered":"Ferroviarios paralizan este viernes el servicio del tren Mitre"},"content":{"rendered":"<p>Primero, un comunicado de Trenes Argentinos advert\u00eda sobre la posible interrupci\u00f3n en las prestaciones ferroviarias de dos ramales de la L\u00ednea Mitre, que unen Retiro con Tigre y Capilla del Se\u00f1or, debido a la ocupaci\u00f3n de terrenos en los talleres de la estaci\u00f3n Victoria, de San Fernando; all\u00ed remarcaban que la presencia de familias en ese sector afecta \u00abde manera directa\u00bb la v\u00eda que se utiliza para el abastecimiento de materiales. Un d\u00eda despu\u00e9s, desde el sindicato de conductores de trenes La Fraternidad, afiliado a la CGT, anunciaron que a partir de la medianoche del viernes 28 paralizan las prestaciones en ambos ramales.<\/p>\n<p>El titular del gremio, Omar Maturano, puntualiz\u00f3 como motivo de la medida los \u00abpermanentes y sistem\u00e1ticos hechos de inseguridad que se generan en las playas de maniobras de la estaci\u00f3n Victoria, ilegalmente ocupadas por personas ajenas a la empresa, las que violentando normas elementales de seguridad ponen en riesgo la integridad f\u00edsica\u00bb de los maquinistas, \u00aben terrenos operativos y de jurisdicci\u00f3n federal\u00bb.<\/p>\n<p>Fuentes del sindicato resaltaron que la decisi\u00f3n \u00abno implica una medida de fuerza, sino de protecci\u00f3n a la integridad f\u00edsica de los trabajadores y la seguridad del material e infraestructura en riesgo\u00bb.<\/p>\n<p>Adem\u00e1s, en un comunicado, Maturano indic\u00f3: \u00abPese a los reclamos realizados para garantizar la seguridad de los trabajadores y del material ferroviario, la empresa Sofse (Sociedad Operadora Ferroviaria SE, popularmente conocida como Trenes Argentinos) nos informa que se han efectuado las denuncias ante la Justicia, sin que hasta el momento se hayan producido las acciones legales pertinentes\u00bb.<\/p>\n<p>A su vez, la empresa remarc\u00f3 que ya realiz\u00f3 la denuncia en la Justicia Federal, donde pide medidas para desocupar y restituir el predio pero \u201csigue a la espera de que se ejecute el desalojo\u201d.<\/p>\n<p>La toma del predio comenz\u00f3 el 23 de agosto, cuando un grupo de familias ingres\u00f3 a los terrenos y ocup\u00f3 tambi\u00e9n un obrador en el predio que pertenece a los talleres que la empresa tiene en Victoria y que pertenecen a la l\u00ednea Mitre. La situaci\u00f3n pone en riesgo no s\u00f3lo a los trabajadores sino a las familias que, ante la dif\u00edcil situaci\u00f3n de vulnerabilidad social, se instalaron a metros de las v\u00edas.<\/p>\n","protected":false},"excerpt":{"rendered":"<p>Primero, un comunicado de Trenes Argentinos advert\u00eda sobre la posible interrupci\u00f3n en las prestaciones ferroviarias de dos ramales de la L\u00ednea Mitre, que unen Retiro con Tigre y Capilla del Se\u00f1or, debido a la ocupaci\u00f3n de terrenos en los talleres de la estaci\u00f3n Victoria, de San Fernando; all\u00ed remarcaban que la presencia de familias en [&hellip;]<\/p>\n","protected":false},"author":1,"featured_media":15645,"comment_status":"closed","ping_status":"open","sticky":false,"template":"","format":"standard","meta":{"footnotes":""},"categories":[49,20,22],"tags":[],"class_list":{"0":"post-15644","1":"post","2":"type-post","3":"status-publish","4":"format-standard","5":"has-post-thumbnail","7":"category-economia-y-gremiales","8":"category-municipios","9":"category-san-fernando"},"aioseo_notices":[],"_links":{"self":[{"href":"https:\/\/guiadenoticias.com.ar\/diario\/wp-json\/wp\/v2\/posts\/15644","targetHints":{"allow":["GET"]}}],"collection":[{"href":"https:\/\/guiadenoticias.com.ar\/diario\/wp-json\/wp\/v2\/posts"}],"about":[{"href":"https:\/\/guiadenoticias.com.ar\/diario\/wp-json\/wp\/v2\/types\/post"}],"author":[{"embeddable":true,"href":"https:\/\/guiadenoticias.com.ar\/diario\/wp-json\/wp\/v2\/users\/1"}],"replies":[{"embeddable":true,"href":"https:\/\/guiadenoticias.com.ar\/diario\/wp-json\/wp\/v2\/comments?post=15644"}],"version-history":[{"count":1,"href":"https:\/\/guiadenoticias.com.ar\/diario\/wp-json\/wp\/v2\/posts\/15644\/revisions"}],"predecessor-version":[{"id":15646,"href":"https:\/\/guiadenoticias.com.ar\/diario\/wp-json\/wp\/v2\/posts\/15644\/revisions\/15646"}],"wp:featuredmedia":[{"embeddable":true,"href":"https:\/\/guiadenoticias.com.ar\/diario\/wp-json\/wp\/v2\/media\/15645"}],"wp:attachment":[{"href":"https:\/\/guiadenoticias.com.ar\/diario\/wp-json\/wp\/v2\/media?parent=15644"}],"wp:term":[{"taxonomy":"category","embeddable":true,"href":"https:\/\/guiadenoticias.com.ar\/diario\/wp-json\/wp\/v2\/categories?post=15644"},{"taxonomy":"post_tag","embeddable":true,"href":"https:\/\/guiadenoticias.com.ar\/diario\/wp-json\/wp\/v2\/tags?post=15644"}],"curies":[{"name":"wp","href":"https:\/\/api.w.org\/{rel}","templated":true}]}}