{"id":15691,"date":"2020-09-02T01:30:25","date_gmt":"2020-09-02T04:30:25","guid":{"rendered":"https:\/\/guiadenoticias.com.ar\/diario\/?p=15691"},"modified":"2020-09-02T01:31:14","modified_gmt":"2020-09-02T04:31:14","slug":"demolieron-construcciones-en-una-plaza-tomada-de-ejercito-de-los-andes","status":"publish","type":"post","link":"https:\/\/guiadenoticias.com.ar\/diario\/demolieron-construcciones-en-una-plaza-tomada-de-ejercito-de-los-andes\/","title":{"rendered":"Demolieron construcciones en una plaza tomada de Ej\u00e9rcito de los Andes"},"content":{"rendered":"<p>La Municipalidad de Tres de Febrero realiz\u00f3 un operativo para demoler construcciones ilegales en una plaza ubicada en Castelli y Avenida Militar, dentro del Barrio Ej\u00e9rcito de los Andes, y recuper\u00f3 los terrenos p\u00fablicos que hab\u00edan sido usurpados.<\/p>\n<p>Se trata de viviendas que estaban en obra en un espacio p\u00fablico. En una de las edificaciones terminadas viv\u00eda una familia, que fue retirada por personal municipal para cuidar su integridad. Ya se les notific\u00f3 sobre la ilegalidad y clausura de la vivienda, y trabaja el \u00e1rea de Desarrollo Humano para resolver su situaci\u00f3n habitacional.<\/p>\n<p>En las \u00faltimas horas, el intendente Diego Valenzuela y otros jefes comunales de Juntos por el Cambio hab\u00edan advertido a trav\u00e9s de Twitter sobre este tipo de situaciones. \u201cEn Tres de Febrero estamos a favor de la ley y en contra de la usurpaci\u00f3n de terrenos p\u00fablicos o privados\u201d, se\u00f1al\u00f3 Valenzuela.<\/p>\n<p>Y a\u00f1adi\u00f3 que \u201cdebemos hacer un esfuerzo para acompa\u00f1ar en lo social y a la vez poner l\u00edmite a quienes atentan contra el estado de derecho y la ley, generando angustia en los vecinos\u201d. Concluy\u00f3: \u201cEs urgente la toma de posici\u00f3n y la acci\u00f3n por parte de las autoridades provinciales, para asegurar un Estado presente y el cumplimiento de la ley. El problema habitacional se resuelve con pol\u00edticas p\u00fablicas, cr\u00e9ditos blandos y m\u00e1s viviendas, no desde la ilegalidad\u201d.<\/p>\n<p>El operativo surgi\u00f3 a partir del relevamiento que hace la Subsecretar\u00eda de Fiscalizaci\u00f3n y Control local para detectar construcciones antirreglamentarias en espacios p\u00fablicos. Participaron la Secretar\u00eda de Seguridad, el 3F COM, la Polic\u00eda y el Grupo Apoyo Departamental (GAD).<\/p>\n","protected":false},"excerpt":{"rendered":"<p>La Municipalidad de Tres de Febrero realiz\u00f3 un operativo para demoler construcciones ilegales en una plaza ubicada en Castelli y Avenida Militar, dentro del Barrio Ej\u00e9rcito de los Andes, y recuper\u00f3 los terrenos p\u00fablicos que hab\u00edan sido usurpados. Se trata de viviendas que estaban en obra en un espacio p\u00fablico. En una de las edificaciones [&hellip;]<\/p>\n","protected":false},"author":1,"featured_media":15692,"comment_status":"closed","ping_status":"open","sticky":false,"template":"","format":"standard","meta":{"footnotes":""},"categories":[20,26],"tags":[72],"class_list":{"0":"post-15691","1":"post","2":"type-post","3":"status-publish","4":"format-standard","5":"has-post-thumbnail","7":"category-municipios","8":"category-tres-de-febrero","9":"tag-diego-valenzuela"},"aioseo_notices":[],"_links":{"self":[{"href":"https:\/\/guiadenoticias.com.ar\/diario\/wp-json\/wp\/v2\/posts\/15691","targetHints":{"allow":["GET"]}}],"collection":[{"href":"https:\/\/guiadenoticias.com.ar\/diario\/wp-json\/wp\/v2\/posts"}],"about":[{"href":"https:\/\/guiadenoticias.com.ar\/diario\/wp-json\/wp\/v2\/types\/post"}],"author":[{"embeddable":true,"href":"https:\/\/guiadenoticias.com.ar\/diario\/wp-json\/wp\/v2\/users\/1"}],"replies":[{"embeddable":true,"href":"https:\/\/guiadenoticias.com.ar\/diario\/wp-json\/wp\/v2\/comments?post=15691"}],"version-history":[{"count":1,"href":"https:\/\/guiadenoticias.com.ar\/diario\/wp-json\/wp\/v2\/posts\/15691\/revisions"}],"predecessor-version":[{"id":15693,"href":"https:\/\/guiadenoticias.com.ar\/diario\/wp-json\/wp\/v2\/posts\/15691\/revisions\/15693"}],"wp:featuredmedia":[{"embeddable":true,"href":"https:\/\/guiadenoticias.com.ar\/diario\/wp-json\/wp\/v2\/media\/15692"}],"wp:attachment":[{"href":"https:\/\/guiadenoticias.com.ar\/diario\/wp-json\/wp\/v2\/media?parent=15691"}],"wp:term":[{"taxonomy":"category","embeddable":true,"href":"https:\/\/guiadenoticias.com.ar\/diario\/wp-json\/wp\/v2\/categories?post=15691"},{"taxonomy":"post_tag","embeddable":true,"href":"https:\/\/guiadenoticias.com.ar\/diario\/wp-json\/wp\/v2\/tags?post=15691"}],"curies":[{"name":"wp","href":"https:\/\/api.w.org\/{rel}","templated":true}]}}