{"id":15711,"date":"2020-09-04T03:10:58","date_gmt":"2020-09-04T06:10:58","guid":{"rendered":"https:\/\/guiadenoticias.com.ar\/diario\/?p=15711"},"modified":"2020-09-04T03:23:00","modified_gmt":"2020-09-04T06:23:00","slug":"el-presidente-y-valenzuela-participaron-del-lanzamiento-del-nuevo-peugeot","status":"publish","type":"post","link":"https:\/\/guiadenoticias.com.ar\/diario\/el-presidente-y-valenzuela-participaron-del-lanzamiento-del-nuevo-peugeot\/","title":{"rendered":"El Presidente y Valenzuela participaron del lanzamiento del nuevo Peugeot"},"content":{"rendered":"<p>A pocas horas del D\u00eda de la Industria, el presidente de la Naci\u00f3n, Alberto Fern\u00e1ndez, y el intendente de Tres de Febrero, Diego Valenzuela, participaron de la presentaci\u00f3n del nuevo Peugeot 208 y su plataforma global multienerg\u00e9tica (CMP). Este modelo lo producir\u00e1n en la planta de Bosch &#8211; Palomar y ser\u00e1 exportado a Am\u00e9rica Latina.<\/p>\n<p>\u201cEn esta que es la segunda mejor planta de Peugeot en el mundo, se construyen extraordinarios autos, y eso habla de la excelencia que han logrado\u201d, asegur\u00f3 el primer mandatario.<\/p>\n<p>Valenzuela se\u00f1al\u00f3 en su discurso: \u201cCelebramos que esta planta est\u00e1 de nuevo en marcha con sus 1500 trabajadores y trabajadoras en acci\u00f3n, junto a otros 200 esperando para sumarse, despu\u00e9s de muchos momentos de incertidumbre\u201d. Y agreg\u00f3 respecto a la tecnolog\u00eda del nuevo modelo, \u201ces un orgullo contar con esta plataforma CMP de \u00faltima generaci\u00f3n no s\u00f3lo para abastecer el mercado interno, sino tambi\u00e9n a la exportaci\u00f3n\u201d.<\/p>\n<p>El nuevo modelo cuenta con 42% de componentes nacionales y utiliza la plataforma CMP (Common Modular Plataform) que es la primera de su tipo en Am\u00e9rica Latina y requiri\u00f3 una inversi\u00f3n de 320 millones de d\u00f3lares.<\/p>\n<p>Tambi\u00e9n estuvieron presentes el ministro de Desarrollo Productivo, Mat\u00edas Kulfas; el director del Grupo PSA Argentina, Rodrigo P\u00e9rez Graziano; y el secretario General de la Uni\u00f3n Obrera Metal\u00fargica (UOM), Antonio Cal\u00f3.<\/p>\n","protected":false},"excerpt":{"rendered":"<p>A pocas horas del D\u00eda de la Industria, el presidente de la Naci\u00f3n, Alberto Fern\u00e1ndez, y el intendente de Tres de Febrero, Diego Valenzuela, participaron de la presentaci\u00f3n del nuevo Peugeot 208 y su plataforma global multienerg\u00e9tica (CMP). Este modelo lo producir\u00e1n en la planta de Bosch &#8211; Palomar y ser\u00e1 exportado a Am\u00e9rica Latina. [&hellip;]<\/p>\n","protected":false},"author":1,"featured_media":15712,"comment_status":"closed","ping_status":"open","sticky":false,"template":"","format":"standard","meta":{"footnotes":""},"categories":[49,20,26],"tags":[82,72],"class_list":{"0":"post-15711","1":"post","2":"type-post","3":"status-publish","4":"format-standard","5":"has-post-thumbnail","7":"category-economia-y-gremiales","8":"category-municipios","9":"category-tres-de-febrero","10":"tag-alberto-fernandez","11":"tag-diego-valenzuela"},"aioseo_notices":[],"_links":{"self":[{"href":"https:\/\/guiadenoticias.com.ar\/diario\/wp-json\/wp\/v2\/posts\/15711","targetHints":{"allow":["GET"]}}],"collection":[{"href":"https:\/\/guiadenoticias.com.ar\/diario\/wp-json\/wp\/v2\/posts"}],"about":[{"href":"https:\/\/guiadenoticias.com.ar\/diario\/wp-json\/wp\/v2\/types\/post"}],"author":[{"embeddable":true,"href":"https:\/\/guiadenoticias.com.ar\/diario\/wp-json\/wp\/v2\/users\/1"}],"replies":[{"embeddable":true,"href":"https:\/\/guiadenoticias.com.ar\/diario\/wp-json\/wp\/v2\/comments?post=15711"}],"version-history":[{"count":3,"href":"https:\/\/guiadenoticias.com.ar\/diario\/wp-json\/wp\/v2\/posts\/15711\/revisions"}],"predecessor-version":[{"id":15715,"href":"https:\/\/guiadenoticias.com.ar\/diario\/wp-json\/wp\/v2\/posts\/15711\/revisions\/15715"}],"wp:featuredmedia":[{"embeddable":true,"href":"https:\/\/guiadenoticias.com.ar\/diario\/wp-json\/wp\/v2\/media\/15712"}],"wp:attachment":[{"href":"https:\/\/guiadenoticias.com.ar\/diario\/wp-json\/wp\/v2\/media?parent=15711"}],"wp:term":[{"taxonomy":"category","embeddable":true,"href":"https:\/\/guiadenoticias.com.ar\/diario\/wp-json\/wp\/v2\/categories?post=15711"},{"taxonomy":"post_tag","embeddable":true,"href":"https:\/\/guiadenoticias.com.ar\/diario\/wp-json\/wp\/v2\/tags?post=15711"}],"curies":[{"name":"wp","href":"https:\/\/api.w.org\/{rel}","templated":true}]}}