{"id":15743,"date":"2020-09-07T02:17:40","date_gmt":"2020-09-07T05:17:40","guid":{"rendered":"https:\/\/guiadenoticias.com.ar\/diario\/?p=15743"},"modified":"2020-09-07T02:17:40","modified_gmt":"2020-09-07T05:17:40","slug":"encuentro-de-funcionarios-y-empresarios-por-el-dia-de-la-industria","status":"publish","type":"post","link":"https:\/\/guiadenoticias.com.ar\/diario\/encuentro-de-funcionarios-y-empresarios-por-el-dia-de-la-industria\/","title":{"rendered":"Encuentro de funcionarios y empresarios por el D\u00eda de la Industria"},"content":{"rendered":"<p>El intendente de San Mart\u00edn, Fernando Moreira, se reuni\u00f3 v\u00eda zoom con el secretario de Industria, Econom\u00eda del Conocimiento y Gesti\u00f3n Comercial Externa de Naci\u00f3n, Ariel Schale, y el ministro de Producci\u00f3n, Ciencia e Innovaci\u00f3n de Provincia, Augusto Costa, para celebrar el D\u00eda de la Industria.<\/p>\n<p>Durante el encuentro, que tambi\u00e9n cont\u00f3 con la participaci\u00f3n de m\u00e1s de 200 representantes de empresas, c\u00e1maras empresariales, el Instituto Nacional de Tecnolog\u00eda Industrial (INTI), la Universidad Nacional de San Mart\u00edn (UNSAM) y sindicatos, dialogaron sobre la situaci\u00f3n actual de las industrias, los desaf\u00edos y la relevancia del sector en el pa\u00eds.<\/p>\n<p>\u201cEn San Mart\u00edn, las Pymes representan el 95% de las empresas industriales que hay en el distrito. Las f\u00e1bricas son parte del entramado urbano, en cada barrio hay una Pyme que se involucra con su gente, siempre est\u00e1n cerca y dan trabajo a los vecinos\u201d, sostuvo Moreira.<\/p>\n<p>Y agreg\u00f3: \u201cEn esta etapa apareci\u00f3 nuevamente la solidaridad de los empresarios, que nos acompa\u00f1aron con donaciones y ayuda para los centros de asistencia, hospitales, comedores con alimentos y elementos de protecci\u00f3n\u201d.<\/p>\n<p>Por su parte, Ariel Schale sostuvo: \u201cTenemos la enorme tarea de poner de pie a la Argentina, a la industria nacional y de reconstruir el necesario orgullo de nuestros compatriotas sobre su industria\u201d. Y remarc\u00f3 la \u201ccentralidad que tiene el desarrollo industrial para el crecimiento econ\u00f3mico y social del pa\u00eds\u201d.<\/p>\n<p>Asimismo, Costa destac\u00f3, \u201cdesde que asumimos, nuestra propuesta es prender el motor de las empresas y cooperativas. Nuestra decisi\u00f3n pol\u00edtica es que el Estado cumpla su rol de garantizar las condiciones para que tengamos industria, valor agregado y empleo de calidad, que permita una perspectiva de desarrollo genuina, sustentable y logre mejorar la vida de la gente\u201d.<\/p>\n<p>Con respecto a la situaci\u00f3n del Coronavirus en las industrias, el intendente resalt\u00f3 el trabajo de las empresas para adecuarse a las nuevas normativas. \u201cJunto con las \u00e1reas de Salud y Producci\u00f3n, estuvimos en contacto con cada industria que volvi\u00f3 a abrir sus puertas, para aplicar los protocolos necesarios y evitar los contagios. Eso funciona muy bien, y casi no tenemos contagios en las plantas\u201d.<\/p>\n<p>El encuentro estuvo moderado por el secretario de Producci\u00f3n de San Mart\u00edn, Alejandro Tsolis; y cont\u00f3 con la participaci\u00f3n del presidente de la CES, Jorge Benedetti; el presidente de la Uni\u00f3n Industrial local, Joaqu\u00edn Sabella; el presidente de la Uni\u00f3n Industrial bonaerense, Mart\u00edn Rappallini; el presidente de Capyme San Mart\u00edn, Juan Scioli; el presidente de la C\u00e1mara Empresarial del Distrito Tecnol\u00f3gico, Enrique Mora; el presidente de la Liga de Comercio y la Industria de San Mart\u00edn, Roberto Ar\u00e9valo; y el presidente de Apyme, Juan Oreja.<\/p>\n","protected":false},"excerpt":{"rendered":"<p>El intendente de San Mart\u00edn, Fernando Moreira, se reuni\u00f3 v\u00eda zoom con el secretario de Industria, Econom\u00eda del Conocimiento y Gesti\u00f3n Comercial Externa de Naci\u00f3n, Ariel Schale, y el ministro de Producci\u00f3n, Ciencia e Innovaci\u00f3n de Provincia, Augusto Costa, para celebrar el D\u00eda de la Industria. Durante el encuentro, que tambi\u00e9n cont\u00f3 con la participaci\u00f3n [&hellip;]<\/p>\n","protected":false},"author":1,"featured_media":15744,"comment_status":"closed","ping_status":"open","sticky":false,"template":"","format":"standard","meta":{"footnotes":""},"categories":[49,20,24],"tags":[74],"class_list":{"0":"post-15743","1":"post","2":"type-post","3":"status-publish","4":"format-standard","5":"has-post-thumbnail","7":"category-economia-y-gremiales","8":"category-municipios","9":"category-san-martin","10":"tag-fernando-moreira"},"aioseo_notices":[],"_links":{"self":[{"href":"https:\/\/guiadenoticias.com.ar\/diario\/wp-json\/wp\/v2\/posts\/15743","targetHints":{"allow":["GET"]}}],"collection":[{"href":"https:\/\/guiadenoticias.com.ar\/diario\/wp-json\/wp\/v2\/posts"}],"about":[{"href":"https:\/\/guiadenoticias.com.ar\/diario\/wp-json\/wp\/v2\/types\/post"}],"author":[{"embeddable":true,"href":"https:\/\/guiadenoticias.com.ar\/diario\/wp-json\/wp\/v2\/users\/1"}],"replies":[{"embeddable":true,"href":"https:\/\/guiadenoticias.com.ar\/diario\/wp-json\/wp\/v2\/comments?post=15743"}],"version-history":[{"count":1,"href":"https:\/\/guiadenoticias.com.ar\/diario\/wp-json\/wp\/v2\/posts\/15743\/revisions"}],"predecessor-version":[{"id":15745,"href":"https:\/\/guiadenoticias.com.ar\/diario\/wp-json\/wp\/v2\/posts\/15743\/revisions\/15745"}],"wp:featuredmedia":[{"embeddable":true,"href":"https:\/\/guiadenoticias.com.ar\/diario\/wp-json\/wp\/v2\/media\/15744"}],"wp:attachment":[{"href":"https:\/\/guiadenoticias.com.ar\/diario\/wp-json\/wp\/v2\/media?parent=15743"}],"wp:term":[{"taxonomy":"category","embeddable":true,"href":"https:\/\/guiadenoticias.com.ar\/diario\/wp-json\/wp\/v2\/categories?post=15743"},{"taxonomy":"post_tag","embeddable":true,"href":"https:\/\/guiadenoticias.com.ar\/diario\/wp-json\/wp\/v2\/tags?post=15743"}],"curies":[{"name":"wp","href":"https:\/\/api.w.org\/{rel}","templated":true}]}}