{"id":15755,"date":"2020-09-08T03:18:17","date_gmt":"2020-09-08T06:18:17","guid":{"rendered":"https:\/\/guiadenoticias.com.ar\/diario\/?p=15755"},"modified":"2020-09-08T21:39:21","modified_gmt":"2020-09-09T00:39:21","slug":"nuevas-medidas-para-el-personal-de-salud-de-vicente-lopez","status":"publish","type":"post","link":"https:\/\/guiadenoticias.com.ar\/diario\/nuevas-medidas-para-el-personal-de-salud-de-vicente-lopez\/","title":{"rendered":"Nuevas medidas para el personal de Salud de Vicente L\u00f3pez"},"content":{"rendered":"<p>En coordinaci\u00f3n con los equipos de Salud, Recursos Humanos y la representaci\u00f3n gremial, el municipio de Vicente L\u00f3pez acord\u00f3 otorgar licencias de una semana para m\u00e9dicos, enfermeros, terapistas, ambulancieros, personal del SAME, camilleros, kinesi\u00f3logos, obstetras y t\u00e9cnicos.<\/p>\n<p>\u201cEscuchamos el pedido y el planteo de agotamiento de los equipos de salud, y nos parece importante garantizarles descanso adicional, para que se puedan cuidar frente a esta enfermedad y cuiden tambi\u00e9n a los vecinos\u201d, expres\u00f3 el intendente Jorge Macri, tras anunciar las nuevas medidas.<\/p>\n<p>Previamente, la Comuna otorg\u00f3 un bono de 9 mil pesos a aquellos empleados que realizan tareas en el \u00e1rea de Salud, capacitaciones permanentes en el manejo de la pandemia, elementos de trabajo y protecci\u00f3n personal, apoyo psicol\u00f3gico; la contrataci\u00f3n del Hotel Ramada para alojar personal sanitario, la rotaci\u00f3n laboral de los equipos y los estudios serol\u00f3gicos quincenales para la detecci\u00f3n de casos asintom\u00e1ticos.<\/p>\n<p>\u201cQueremos que todos los vecinos est\u00e9n tranquilos y sepan que el hospital seguir\u00e1 funcionando con normalidad. Tomamos esta decisi\u00f3n porque sabemos que nuestro equipo lo necesita, pero tambi\u00e9n porque la situaci\u00f3n actual del sistema de salud municipal nos permite hacerlo\u201d, remarc\u00f3 el jefe comunal.<\/p>\n<p>Las licencias se otorgar\u00e1n a partir del 14 de septiembre en concepto de: estr\u00e9s, licencia ordinaria y d\u00edas de descanso pago. Adem\u00e1s, ser\u00e1n considerados como personal exceptuado los grupos de riesgo y los padres a cargo del cuidado de ni\u00f1os o adolescentes.<\/p>\n<p>Participaron del anuncio el secretario de Salud, Fernando Tejo; el titular de ATE Zona Norte, Fabi\u00e1n Alessandrini, y el secretario general del Sindicato de Trabajadores Municipales de Vicente L\u00f3pez, Victorio Pirillo.<\/p>\n<p>\u201cTenemos mucho cansancio f\u00edsico, pero sobre todo emocional, el pensar si est\u00e1s haciendo las cosas bien para protegerte a vos, a tu familia y al paciente. Esper\u00e1bamos esta medida\u201d, indic\u00f3 la jefa de Pediatr\u00eda del Hospital Houssay, Claudia Rastelli.<\/p>\n<p>A su vez, desde el STMVL recordaron que la iniciativa del Ejecutivo municipal lleg\u00f3 tras un mes de conversaciones con el sindicato. En un comunicado se\u00f1alaron que \u201cen todos los casos, las decisiones ser\u00e1n tomadas por las Jefaturas de Servicio, coordinadas por las \u00e1reas de Recursos Humanos del municipio.<\/p>\n<p>En di\u00e1logo con Gu\u00eda de Noticias, Victorio Pirillo evalu\u00f3 que \u201ces una medida necesaria dado que hay trabajadores que no fueron relevados en 170 d\u00edas\u201d. \u201cLo \u00fanico que tenemos es el recurso humano, de nada sirven otros recursos si el personal se satura\u201d, reflexion\u00f3.<\/p>\n<p>Y concluy\u00f3: \u201cEn esta instancia, las modalidades no las imponen los gobiernos, ni los gremios; la impone el virus, la pandemia, que va en ascenso en contagios y muertos\u201d.<\/p>\n","protected":false},"excerpt":{"rendered":"<p>En coordinaci\u00f3n con los equipos de Salud, Recursos Humanos y la representaci\u00f3n gremial, el municipio de Vicente L\u00f3pez acord\u00f3 otorgar licencias de una semana para m\u00e9dicos, enfermeros, terapistas, ambulancieros, personal del SAME, camilleros, kinesi\u00f3logos, obstetras y t\u00e9cnicos. \u201cEscuchamos el pedido y el planteo de agotamiento de los equipos de salud, y nos parece importante garantizarles [&hellip;]<\/p>\n","protected":false},"author":1,"featured_media":15758,"comment_status":"closed","ping_status":"open","sticky":false,"template":"","format":"standard","meta":{"footnotes":""},"categories":[49,20,25],"tags":[71],"class_list":{"0":"post-15755","1":"post","2":"type-post","3":"status-publish","4":"format-standard","5":"has-post-thumbnail","7":"category-economia-y-gremiales","8":"category-municipios","9":"category-vicente-lopez","10":"tag-jorge-macri"},"aioseo_notices":[],"_links":{"self":[{"href":"https:\/\/guiadenoticias.com.ar\/diario\/wp-json\/wp\/v2\/posts\/15755","targetHints":{"allow":["GET"]}}],"collection":[{"href":"https:\/\/guiadenoticias.com.ar\/diario\/wp-json\/wp\/v2\/posts"}],"about":[{"href":"https:\/\/guiadenoticias.com.ar\/diario\/wp-json\/wp\/v2\/types\/post"}],"author":[{"embeddable":true,"href":"https:\/\/guiadenoticias.com.ar\/diario\/wp-json\/wp\/v2\/users\/1"}],"replies":[{"embeddable":true,"href":"https:\/\/guiadenoticias.com.ar\/diario\/wp-json\/wp\/v2\/comments?post=15755"}],"version-history":[{"count":3,"href":"https:\/\/guiadenoticias.com.ar\/diario\/wp-json\/wp\/v2\/posts\/15755\/revisions"}],"predecessor-version":[{"id":15787,"href":"https:\/\/guiadenoticias.com.ar\/diario\/wp-json\/wp\/v2\/posts\/15755\/revisions\/15787"}],"wp:featuredmedia":[{"embeddable":true,"href":"https:\/\/guiadenoticias.com.ar\/diario\/wp-json\/wp\/v2\/media\/15758"}],"wp:attachment":[{"href":"https:\/\/guiadenoticias.com.ar\/diario\/wp-json\/wp\/v2\/media?parent=15755"}],"wp:term":[{"taxonomy":"category","embeddable":true,"href":"https:\/\/guiadenoticias.com.ar\/diario\/wp-json\/wp\/v2\/categories?post=15755"},{"taxonomy":"post_tag","embeddable":true,"href":"https:\/\/guiadenoticias.com.ar\/diario\/wp-json\/wp\/v2\/tags?post=15755"}],"curies":[{"name":"wp","href":"https:\/\/api.w.org\/{rel}","templated":true}]}}