{"id":15802,"date":"2020-09-11T00:00:29","date_gmt":"2020-09-11T03:00:29","guid":{"rendered":"https:\/\/guiadenoticias.com.ar\/diario\/?p=15802"},"modified":"2020-09-11T00:00:29","modified_gmt":"2020-09-11T03:00:29","slug":"inauguracion-de-la-remodelada-estacion-de-boulogne","status":"publish","type":"post","link":"https:\/\/guiadenoticias.com.ar\/diario\/inauguracion-de-la-remodelada-estacion-de-boulogne\/","title":{"rendered":"Inauguraci\u00f3n de la remodelada estaci\u00f3n de Boulogne"},"content":{"rendered":"<p>El intendente de San Isidro, Gustavo Posse, y el ministro de Transporte de Naci\u00f3n , Mario Meoni, encabezaron la inauguraci\u00f3n de la remodelada Estaci\u00f3n de Boulogne de la l\u00ednea General Belgrano Norte.<\/p>\n<p>\u201cEs una obra esperada y muy importante sobre todo para los negocios de la galer\u00eda de la estaci\u00f3n y otros comercios de calles cercanas. Al estar paralizada la obra, los usuarios que bajaban del tren y compraban en esos negocios ya no lo hac\u00edan. Por eso, esta obra mejora la calidad de vida desde todo punto de vista\u201d, se\u00f1al\u00f3 el jefe comunal.<\/p>\n<p>Las obras, en el marco del plan integral de obras del gobierno nacional para la red metropolitana de trenes, contemplan la elevaci\u00f3n de andenes, la instalaci\u00f3n de luminarias led, m\u00f3dulo SUBE y nuevo se\u00f1alamiento. Adem\u00e1s, nuevos refugios que generan una mejor accesibilidad a los usuarios, nueva boleter\u00eda y sistema de audio; as\u00ed como tambi\u00e9n c\u00e1maras que brindan mayor seguridad a los pasajeros.<\/p>\n<p>El ministro de Transporte expres\u00f3: \u201cCuando planteamos la necesidad de la reconstrucci\u00f3n de las estaciones de trenes lo hacemos pensando en el entorno. Trabajamos fuerte en la Estaci\u00f3n de Villa Adelina y en cada estaci\u00f3n del Belgrano Norte. Lo que sigue es modernizar la movilidad de esta l\u00ednea para que la gente viaje en mejores trenes\u201d.<\/p>\n<p>Del acto inaugural tambi\u00e9n participaron representantes de los gremios y autoridades de Trenes Argentinos.<\/p>\n","protected":false},"excerpt":{"rendered":"<p>El intendente de San Isidro, Gustavo Posse, y el ministro de Transporte de Naci\u00f3n , Mario Meoni, encabezaron la inauguraci\u00f3n de la remodelada Estaci\u00f3n de Boulogne de la l\u00ednea General Belgrano Norte. \u201cEs una obra esperada y muy importante sobre todo para los negocios de la galer\u00eda de la estaci\u00f3n y otros comercios de calles [&hellip;]<\/p>\n","protected":false},"author":1,"featured_media":15803,"comment_status":"closed","ping_status":"open","sticky":false,"template":"","format":"standard","meta":{"footnotes":""},"categories":[20,21],"tags":[75],"class_list":{"0":"post-15802","1":"post","2":"type-post","3":"status-publish","4":"format-standard","5":"has-post-thumbnail","7":"category-municipios","8":"category-san-isidro","9":"tag-gustavo-posse"},"aioseo_notices":[],"_links":{"self":[{"href":"https:\/\/guiadenoticias.com.ar\/diario\/wp-json\/wp\/v2\/posts\/15802","targetHints":{"allow":["GET"]}}],"collection":[{"href":"https:\/\/guiadenoticias.com.ar\/diario\/wp-json\/wp\/v2\/posts"}],"about":[{"href":"https:\/\/guiadenoticias.com.ar\/diario\/wp-json\/wp\/v2\/types\/post"}],"author":[{"embeddable":true,"href":"https:\/\/guiadenoticias.com.ar\/diario\/wp-json\/wp\/v2\/users\/1"}],"replies":[{"embeddable":true,"href":"https:\/\/guiadenoticias.com.ar\/diario\/wp-json\/wp\/v2\/comments?post=15802"}],"version-history":[{"count":1,"href":"https:\/\/guiadenoticias.com.ar\/diario\/wp-json\/wp\/v2\/posts\/15802\/revisions"}],"predecessor-version":[{"id":15804,"href":"https:\/\/guiadenoticias.com.ar\/diario\/wp-json\/wp\/v2\/posts\/15802\/revisions\/15804"}],"wp:featuredmedia":[{"embeddable":true,"href":"https:\/\/guiadenoticias.com.ar\/diario\/wp-json\/wp\/v2\/media\/15803"}],"wp:attachment":[{"href":"https:\/\/guiadenoticias.com.ar\/diario\/wp-json\/wp\/v2\/media?parent=15802"}],"wp:term":[{"taxonomy":"category","embeddable":true,"href":"https:\/\/guiadenoticias.com.ar\/diario\/wp-json\/wp\/v2\/categories?post=15802"},{"taxonomy":"post_tag","embeddable":true,"href":"https:\/\/guiadenoticias.com.ar\/diario\/wp-json\/wp\/v2\/tags?post=15802"}],"curies":[{"name":"wp","href":"https:\/\/api.w.org\/{rel}","templated":true}]}}