{"id":1583,"date":"2016-04-10T21:41:14","date_gmt":"2016-04-11T00:41:14","guid":{"rendered":"http:\/\/guiadenoticias.com.ar\/diario\/?p=1583"},"modified":"2016-04-10T21:42:11","modified_gmt":"2016-04-11T00:42:11","slug":"el-diputado-andreotti-presidira-la-comision-de-asuntos-municipales","status":"publish","type":"post","link":"https:\/\/guiadenoticias.com.ar\/diario\/el-diputado-andreotti-presidira-la-comision-de-asuntos-municipales\/","title":{"rendered":"El diputado Andreotti presidir\u00e1 la Comisi\u00f3n de Asuntos Municipales"},"content":{"rendered":"<p>El diputado provincial por el Frente Renovador de la primera secci\u00f3n Juan Andreotti presidir\u00e1 la Comisi\u00f3n de Asuntos Municipales. En ese sentido se\u00f1al\u00f3, \u201ccreo en el valor de los municipios, soy municipalista. Creo en la necesidad de darles mayor autonom\u00eda, lo que significa delegarles m\u00e1s responsabilidades que, en realidad, muchos intendentes ya tienen de hecho, cedidas por las deficiencias que tuvo la Provincia durante los \u00faltimos a\u00f1os, pero sin los recursos correspondientes\u201d.<\/p>\n<p>Y agreg\u00f3 que \u201cno debemos asfixiarlos, son el primer eslab\u00f3n, los que dan la cara a la gente y los que resuelven los problemas del d\u00eda a d\u00eda de los vecinos\u201d. El legislador asever\u00f3: \u201cHay que fortalecer la autonom\u00eda y la importancia que tiene cada uno de los municipios en la regi\u00f3n y por eso vamos a trabajar\u201d.<\/p>\n<p>\u201cEl tema central por el que queremos trabajar en Asuntos Municipales es terminar con la reelecci\u00f3n indefinida de intendentes y concejales y uno de los proyectos m\u00e1s importantes proviene del Frente Renovador\u201d, remarc\u00f3. Consider\u00f3 que \u201cun mandato y una reelecci\u00f3n es lo mejor que le puede pasar a los municipios y a la gente, para despu\u00e9s trabajar con nuevos equipos con gente m\u00e1s joven, preparada y con experiencia para hacerse cargo de las gestiones locales\u201d.<\/p>\n<p>Por otro lado, Andreotti conformar\u00e1 las comisiones de Educaci\u00f3n, Trabajo, Obras P\u00fablicas, Juventud y Capacidades Diferentes.<\/p>\n","protected":false},"excerpt":{"rendered":"<p>El diputado provincial por el Frente Renovador de la primera secci\u00f3n Juan Andreotti presidir\u00e1 la Comisi\u00f3n de Asuntos Municipales. En ese sentido se\u00f1al\u00f3, \u201ccreo en el valor de los municipios, soy municipalista. Creo en la necesidad de darles mayor autonom\u00eda, lo que significa delegarles m\u00e1s responsabilidades que, en realidad, muchos intendentes ya tienen de hecho, [&hellip;]<\/p>\n","protected":false},"author":1,"featured_media":1584,"comment_status":"closed","ping_status":"open","sticky":false,"template":"","format":"standard","meta":{"footnotes":""},"categories":[20,48,31,22],"tags":[],"class_list":{"0":"post-1583","1":"post","2":"type-post","3":"status-publish","4":"format-standard","5":"has-post-thumbnail","7":"category-municipios","8":"category-politica-argentina","9":"category-provincia","10":"category-san-fernando"},"aioseo_notices":[],"_links":{"self":[{"href":"https:\/\/guiadenoticias.com.ar\/diario\/wp-json\/wp\/v2\/posts\/1583","targetHints":{"allow":["GET"]}}],"collection":[{"href":"https:\/\/guiadenoticias.com.ar\/diario\/wp-json\/wp\/v2\/posts"}],"about":[{"href":"https:\/\/guiadenoticias.com.ar\/diario\/wp-json\/wp\/v2\/types\/post"}],"author":[{"embeddable":true,"href":"https:\/\/guiadenoticias.com.ar\/diario\/wp-json\/wp\/v2\/users\/1"}],"replies":[{"embeddable":true,"href":"https:\/\/guiadenoticias.com.ar\/diario\/wp-json\/wp\/v2\/comments?post=1583"}],"version-history":[{"count":1,"href":"https:\/\/guiadenoticias.com.ar\/diario\/wp-json\/wp\/v2\/posts\/1583\/revisions"}],"predecessor-version":[{"id":1585,"href":"https:\/\/guiadenoticias.com.ar\/diario\/wp-json\/wp\/v2\/posts\/1583\/revisions\/1585"}],"wp:featuredmedia":[{"embeddable":true,"href":"https:\/\/guiadenoticias.com.ar\/diario\/wp-json\/wp\/v2\/media\/1584"}],"wp:attachment":[{"href":"https:\/\/guiadenoticias.com.ar\/diario\/wp-json\/wp\/v2\/media?parent=1583"}],"wp:term":[{"taxonomy":"category","embeddable":true,"href":"https:\/\/guiadenoticias.com.ar\/diario\/wp-json\/wp\/v2\/categories?post=1583"},{"taxonomy":"post_tag","embeddable":true,"href":"https:\/\/guiadenoticias.com.ar\/diario\/wp-json\/wp\/v2\/tags?post=1583"}],"curies":[{"name":"wp","href":"https:\/\/api.w.org\/{rel}","templated":true}]}}