{"id":16003,"date":"2020-09-19T16:05:42","date_gmt":"2020-09-19T19:05:42","guid":{"rendered":"https:\/\/guiadenoticias.com.ar\/diario\/?p=16003"},"modified":"2020-09-19T16:05:42","modified_gmt":"2020-09-19T19:05:42","slug":"realizaron-colecta-de-muestras-de-plasma","status":"publish","type":"post","link":"https:\/\/guiadenoticias.com.ar\/diario\/realizaron-colecta-de-muestras-de-plasma\/","title":{"rendered":"Realizaron colecta de muestras de plasma"},"content":{"rendered":"<p>El jefe de Gabinete, Pablo Descalzo, particip\u00f3 de la colecta de muestras de plasma de pacientes recuperados de Covid-19, que se llev\u00f3 a cabo en el Centro Cultural Ituzaing\u00f3.<\/p>\n<p>De la actividad, organizada por el municipio, en conjunto con el Centro Regional de Hemoterapia de Tres de Febrero, el Centro \u00danico Coordinador de Ablaci\u00f3n e Implante de Buenos Aires (CUCAIBA) y el Instituto de Hemoterapia, dependientes del Ministerio de Salud bonaerense, participaron 37 vecinos y vecinas del distrito, a quienes se les extrajo una muestra de sangre y que, en caso de presentar anticuerpos a la enfermedad, se convertir\u00e1n en futuros donantes de plasma.<\/p>\n<p>Es importante aclarar que para participar de la colecta, era necesario haberse recuperado de coronavirus y cumplir con tres requisitos obligatorios: tener entre 18 y 65 a\u00f1os; pesar m\u00e1s de 50 kilos; y contar con buen estado de salud.<\/p>\n<p>El plasma de los pacientes recuperados contiene los anticuerpos necesarios para ayudar en la recuperaci\u00f3n de personas que est\u00e9n transitando la enfermedad con mayor dificultad.<\/p>\n<p>Una vez finalizada la colecta, Pablo Descalzo se\u00f1al\u00f3: \u201cEste tipo de jornadas pone de manifiesto la solidaridad, la empat\u00eda y el amor del pueblo de Ituzaing\u00f3. Hoy, 37 vecinos recuperados de Covid-19 se acercaron con el deseo de ayudar en la recuperaci\u00f3n de otras personas. Desde nuestro lugar seguiremos trabajando todos los d\u00edas en pos de cuidar la salud de los vecinos y prevenir la propagaci\u00f3n del virus\u201d.<\/p>\n","protected":false},"excerpt":{"rendered":"<p>El jefe de Gabinete, Pablo Descalzo, particip\u00f3 de la colecta de muestras de plasma de pacientes recuperados de Covid-19, que se llev\u00f3 a cabo en el Centro Cultural Ituzaing\u00f3. De la actividad, organizada por el municipio, en conjunto con el Centro Regional de Hemoterapia de Tres de Febrero, el Centro \u00danico Coordinador de Ablaci\u00f3n e [&hellip;]<\/p>\n","protected":false},"author":1,"featured_media":16004,"comment_status":"closed","ping_status":"open","sticky":false,"template":"","format":"standard","meta":{"footnotes":""},"categories":[29,20],"tags":[77],"class_list":{"0":"post-16003","1":"post","2":"type-post","3":"status-publish","4":"format-standard","5":"has-post-thumbnail","7":"category-ituzaingo","8":"category-municipios","9":"tag-alberto-descalzo"},"aioseo_notices":[],"_links":{"self":[{"href":"https:\/\/guiadenoticias.com.ar\/diario\/wp-json\/wp\/v2\/posts\/16003","targetHints":{"allow":["GET"]}}],"collection":[{"href":"https:\/\/guiadenoticias.com.ar\/diario\/wp-json\/wp\/v2\/posts"}],"about":[{"href":"https:\/\/guiadenoticias.com.ar\/diario\/wp-json\/wp\/v2\/types\/post"}],"author":[{"embeddable":true,"href":"https:\/\/guiadenoticias.com.ar\/diario\/wp-json\/wp\/v2\/users\/1"}],"replies":[{"embeddable":true,"href":"https:\/\/guiadenoticias.com.ar\/diario\/wp-json\/wp\/v2\/comments?post=16003"}],"version-history":[{"count":1,"href":"https:\/\/guiadenoticias.com.ar\/diario\/wp-json\/wp\/v2\/posts\/16003\/revisions"}],"predecessor-version":[{"id":16005,"href":"https:\/\/guiadenoticias.com.ar\/diario\/wp-json\/wp\/v2\/posts\/16003\/revisions\/16005"}],"wp:featuredmedia":[{"embeddable":true,"href":"https:\/\/guiadenoticias.com.ar\/diario\/wp-json\/wp\/v2\/media\/16004"}],"wp:attachment":[{"href":"https:\/\/guiadenoticias.com.ar\/diario\/wp-json\/wp\/v2\/media?parent=16003"}],"wp:term":[{"taxonomy":"category","embeddable":true,"href":"https:\/\/guiadenoticias.com.ar\/diario\/wp-json\/wp\/v2\/categories?post=16003"},{"taxonomy":"post_tag","embeddable":true,"href":"https:\/\/guiadenoticias.com.ar\/diario\/wp-json\/wp\/v2\/tags?post=16003"}],"curies":[{"name":"wp","href":"https:\/\/api.w.org\/{rel}","templated":true}]}}