{"id":16029,"date":"2020-09-23T02:51:31","date_gmt":"2020-09-23T05:51:31","guid":{"rendered":"https:\/\/guiadenoticias.com.ar\/diario\/?p=16029"},"modified":"2020-09-23T02:51:31","modified_gmt":"2020-09-23T05:51:31","slug":"el-municipio-3f-pedira-una-vuelta-gradual-a-clases","status":"publish","type":"post","link":"https:\/\/guiadenoticias.com.ar\/diario\/el-municipio-3f-pedira-una-vuelta-gradual-a-clases\/","title":{"rendered":"El municipio 3F pedir\u00e1 una vuelta gradual a clases"},"content":{"rendered":"<p>El<strong> intendente Diego Valenzuela<\/strong>, luego de varias conversaciones virtuales con estudiantes de todo el distrito, visit\u00f3 una escuela de Santos Lugares donde lo esperaban alumnos y alumnas de sexto a\u00f1o, quienes piden culminar el <strong>ciclo lectivo<\/strong> de manera presencial y cuidando la salud.<\/p>\n<p>Se hizo una prueba piloto para verificar que se cumplan los recaudos, pautas de higiene y distancia, y as\u00ed definir una propuesta a la Gobernaci\u00f3n. La idea apunta a que pueda alcanzar a los 3460 estudiantes del \u00faltimo a\u00f1o de secundaria superior de las <strong>escuelas p\u00fablicas de gesti\u00f3n estatal y privada<\/strong> del municipio.<\/p>\n<p>Como plantean los especialistas en salud, las actividades al aire libre tienen un riesgo bajo o nulo de contagio, m\u00e1s si se hacen en grupos reducidos, con todos los recaudos sanitarios y la debida distancia social. La propuesta ser\u00e1 elevada al gobernador Axel Kicillof y a la directora general de Cultura y Educaci\u00f3n, Agustina Vila.<\/p>\n<p>El jefe comunal hizo referencia a una carta que le mand\u00f3 una alumna solicitando que se eval\u00fae esta iniciativa. \u201cCreo que es una propuesta adecuada y que se puede hacer bien. Lograrlo es importante por razones emocionales relacionadas con el significado personal y simb\u00f3lico que tiene terminar el \u00faltimo a\u00f1o; y tambi\u00e9n es necesario por el aprendizaje, ya que est\u00e1n cambiando de ciclo y deben consolidar contenidos para continuar su vida educativa y laboral posteriormente\u201d.<\/p>\n<p>El protocolo se desarroll\u00f3 a partir de los consejos de infect\u00f3logos y epidemi\u00f3logos. \u201c<strong>Se trata del regreso presencial de pocos cursos, en etapas, con peque\u00f1os grupos,<\/strong> distanciamiento social, medidas sanitarias y con la organizaci\u00f3n de d\u00edas y horarios para que no existan aglomeraciones\u201d, detall\u00f3 el intendente. Y agreg\u00f3: \u201cImaginamos clases en espacios amplios y ventilados como patios y gimnasios, o en clubes, sociedades de fomento y plazas, si es que los establecimientos no cuentan con lugares adecuados\u201d.<\/p>\n","protected":false},"excerpt":{"rendered":"<p>El intendente Diego Valenzuela, luego de varias conversaciones virtuales con estudiantes de todo el distrito, visit\u00f3 una escuela de Santos Lugares donde lo esperaban alumnos y alumnas de sexto a\u00f1o, quienes piden culminar el ciclo lectivo de manera presencial y cuidando la salud. Se hizo una prueba piloto para verificar que se cumplan los recaudos, [&hellip;]<\/p>\n","protected":false},"author":1,"featured_media":16030,"comment_status":"closed","ping_status":"open","sticky":false,"template":"","format":"standard","meta":{"footnotes":""},"categories":[20,26],"tags":[83,72],"class_list":{"0":"post-16029","1":"post","2":"type-post","3":"status-publish","4":"format-standard","5":"has-post-thumbnail","7":"category-municipios","8":"category-tres-de-febrero","9":"tag-axel-kicillof","10":"tag-diego-valenzuela"},"aioseo_notices":[],"_links":{"self":[{"href":"https:\/\/guiadenoticias.com.ar\/diario\/wp-json\/wp\/v2\/posts\/16029","targetHints":{"allow":["GET"]}}],"collection":[{"href":"https:\/\/guiadenoticias.com.ar\/diario\/wp-json\/wp\/v2\/posts"}],"about":[{"href":"https:\/\/guiadenoticias.com.ar\/diario\/wp-json\/wp\/v2\/types\/post"}],"author":[{"embeddable":true,"href":"https:\/\/guiadenoticias.com.ar\/diario\/wp-json\/wp\/v2\/users\/1"}],"replies":[{"embeddable":true,"href":"https:\/\/guiadenoticias.com.ar\/diario\/wp-json\/wp\/v2\/comments?post=16029"}],"version-history":[{"count":1,"href":"https:\/\/guiadenoticias.com.ar\/diario\/wp-json\/wp\/v2\/posts\/16029\/revisions"}],"predecessor-version":[{"id":16031,"href":"https:\/\/guiadenoticias.com.ar\/diario\/wp-json\/wp\/v2\/posts\/16029\/revisions\/16031"}],"wp:featuredmedia":[{"embeddable":true,"href":"https:\/\/guiadenoticias.com.ar\/diario\/wp-json\/wp\/v2\/media\/16030"}],"wp:attachment":[{"href":"https:\/\/guiadenoticias.com.ar\/diario\/wp-json\/wp\/v2\/media?parent=16029"}],"wp:term":[{"taxonomy":"category","embeddable":true,"href":"https:\/\/guiadenoticias.com.ar\/diario\/wp-json\/wp\/v2\/categories?post=16029"},{"taxonomy":"post_tag","embeddable":true,"href":"https:\/\/guiadenoticias.com.ar\/diario\/wp-json\/wp\/v2\/tags?post=16029"}],"curies":[{"name":"wp","href":"https:\/\/api.w.org\/{rel}","templated":true}]}}