{"id":16055,"date":"2020-09-25T20:39:23","date_gmt":"2020-09-25T23:39:23","guid":{"rendered":"https:\/\/guiadenoticias.com.ar\/diario\/?p=16055"},"modified":"2020-09-29T03:19:20","modified_gmt":"2020-09-29T06:19:20","slug":"arguello-sobre-la-recoleccion-el-pliego-es-segun-las-circunstancias-actuales","status":"publish","type":"post","link":"https:\/\/guiadenoticias.com.ar\/diario\/arguello-sobre-la-recoleccion-el-pliego-es-segun-las-circunstancias-actuales\/","title":{"rendered":"Arg\u00fcello sobre la recolecci\u00f3n, \u201cel pliego es seg\u00fan las circunstancias actuales\u201d"},"content":{"rendered":"<p>El contrato <strong>de higiene urbana con Santa Elena<\/strong> fue prorrogado hasta el 31 de octubre. Est\u00e1 vigente desde 2014, cuando la gesti\u00f3n de <strong>Curto<\/strong> transitaba la etapa final. Ahora, el municipio de Tres de Febrero, bajo la administraci\u00f3n del <strong>intendente Diego Valenzuela<\/strong>, se encamina hacia un nuevo proceso licitatorio. De hecho, la Ordenanza que habilita dicho llamado fue votada por unanimidad en el <strong>Concejo Deliberant<\/strong>e este viernes 25 de septiembre.<\/p>\n<p>En di\u00e1logo con <strong>Octavio Arg\u00fcello<\/strong>, secretario del gremio de Camioneros, evalu\u00f3 que el servicio \u201cfue bastante importante, dentro de las condiciones contractuales\u201d, y se\u00f1al\u00f3 que \u201cno tuvimos problemas con atrasos de sueldos ni con las entregas de elementos de trabajo y seguridad. Yo, que tengo tiempo en la actividad, es la primera vez que veo que una empresa termina un contrato con las unidades en condiciones casi \u00f3ptimas\u201d.<\/p>\n<p>Consultado por el trabajo durante la pandemia, cont\u00f3, \u201cnunca dejamos de prestar nuestro servicio; por ser un servicio esencial, no tuvimos cuarentena. Seguimos los protocolos y medidas de profilaxis para no contagiarnos\u201d. En ese sentido, estim\u00f3 que hubo un 2 % del total del personal contagiado sobre alrededor de 500 trabajadores.<\/p>\n<p>En un distrito con 6 mil calles, vecinos en varias ocasiones denunciaron deficiencias en el barrido y la recolecci\u00f3n de mont\u00edculos. \u201cPre pandemia avanz\u00e1bamos en las conversaciones por las mejoras. Pero hoy el pliego es seg\u00fan las circunstancias, con la recaudaci\u00f3n que tiene el municipio\u201d, revel\u00f3 Arg\u00fcello.<\/p>\n<p>Respecto a la situaci\u00f3n de los empleados, indic\u00f3 que \u201chubo buena predisposici\u00f3n del Ejecutivo para la continuidad laboral, sobre todo atentos al convenio colectivo de la actividad. Sentimos que est\u00e1 bien contemplado\u201d. A su vez, desde el oficialismo optan por ahora por no hacer declaraciones p\u00fablicas.<\/p>\n<p>A partir de algunas posiciones pol\u00edticas que bregan por otro esquema de recolecci\u00f3n, el dirigente gremial mostr\u00f3 desacuerdo: \u201cMunicipalizar no es tan sencillo. No es poner un chofer y chicos que corran al costado\u201d.<\/p>\n<p>Y desliz\u00f3, \u201cen algunos municipios lo hacen, como Quilmes la compa\u00f1era Mayra (Mendoza), pero levantan la basura en carro; salvo que la gente de Tres de Febrero quiera volver 70 a\u00f1os atr\u00e1s. Este distrito no es igual que Quilmes ni Moreno, donde ten\u00e9s calles de tierra\u201d.<\/p>\n<p><strong>\u00bfPERONISMO UNIDO EN 3F?<\/strong><\/p>\n<p>\u201cYo trabajo siempre para la unidad; la palabra suena linda, pero no es f\u00e1cil porque cada uno tiene sus ambiciones y su forma de ver la construcci\u00f3n pol\u00edtica\u201d. De esta manera habl\u00f3 del presente del espacio opositor en Tres de Febrero.<\/p>\n<p>A\u00f1adi\u00f3 que \u201cpor lo menos, tenemos que llegar a una mesa de coincidencias. Despu\u00e9s limaremos las diferencias\u201d. Ya mantuvo reuniones con <strong>Juan Debandi, Alejandro Collia y Gustavo Torres.<\/strong><\/p>\n<p>Sin embargo, faltan actores en esa mesa. \u201cHay un sector, en el cual est\u00e1n (Eduardo) M\u00e1rquez y otros compa\u00f1eros, que piensan que la discusi\u00f3n pasa por donde est\u00e1n ellos. M\u00e1rquez nos dijo que si no hab\u00eda acuerdo, el a\u00f1o que viene nos encontramos en una interna\u201d.<\/p>\n<p>Aunque los caminos corren hoy por separado, Arg\u00fcello no descarta acercamientos futuros. \u201c2021 est\u00e1 a la vuelta de la esquina, ojal\u00e1 tengamos la capacidad de ponernos de acuerdo\u201d, mencion\u00f3, y agreg\u00f3, \u201cno podemos cerrarnos y creer que cada sector es due\u00f1o de la verdad. No creo que el vecino quiera saber de nuestras peleas, quiere saber c\u00f3mo le vas a solucionar sus problemas\u201d.<\/p>\n","protected":false},"excerpt":{"rendered":"<p>El contrato de higiene urbana con Santa Elena fue prorrogado hasta el 31 de octubre. Est\u00e1 vigente desde 2014, cuando la gesti\u00f3n de Curto transitaba la etapa final. Ahora, el municipio de Tres de Febrero, bajo la administraci\u00f3n del intendente Diego Valenzuela, se encamina hacia un nuevo proceso licitatorio. De hecho, la Ordenanza que habilita [&hellip;]<\/p>\n","protected":false},"author":1,"featured_media":16056,"comment_status":"closed","ping_status":"open","sticky":false,"template":"","format":"standard","meta":{"footnotes":""},"categories":[49,70,20,48,26],"tags":[72],"class_list":{"0":"post-16055","1":"post","2":"type-post","3":"status-publish","4":"format-standard","5":"has-post-thumbnail","7":"category-economia-y-gremiales","8":"category-las-mas-leidas","9":"category-municipios","10":"category-politica-argentina","11":"category-tres-de-febrero","12":"tag-diego-valenzuela"},"aioseo_notices":[],"_links":{"self":[{"href":"https:\/\/guiadenoticias.com.ar\/diario\/wp-json\/wp\/v2\/posts\/16055","targetHints":{"allow":["GET"]}}],"collection":[{"href":"https:\/\/guiadenoticias.com.ar\/diario\/wp-json\/wp\/v2\/posts"}],"about":[{"href":"https:\/\/guiadenoticias.com.ar\/diario\/wp-json\/wp\/v2\/types\/post"}],"author":[{"embeddable":true,"href":"https:\/\/guiadenoticias.com.ar\/diario\/wp-json\/wp\/v2\/users\/1"}],"replies":[{"embeddable":true,"href":"https:\/\/guiadenoticias.com.ar\/diario\/wp-json\/wp\/v2\/comments?post=16055"}],"version-history":[{"count":2,"href":"https:\/\/guiadenoticias.com.ar\/diario\/wp-json\/wp\/v2\/posts\/16055\/revisions"}],"predecessor-version":[{"id":16058,"href":"https:\/\/guiadenoticias.com.ar\/diario\/wp-json\/wp\/v2\/posts\/16055\/revisions\/16058"}],"wp:featuredmedia":[{"embeddable":true,"href":"https:\/\/guiadenoticias.com.ar\/diario\/wp-json\/wp\/v2\/media\/16056"}],"wp:attachment":[{"href":"https:\/\/guiadenoticias.com.ar\/diario\/wp-json\/wp\/v2\/media?parent=16055"}],"wp:term":[{"taxonomy":"category","embeddable":true,"href":"https:\/\/guiadenoticias.com.ar\/diario\/wp-json\/wp\/v2\/categories?post=16055"},{"taxonomy":"post_tag","embeddable":true,"href":"https:\/\/guiadenoticias.com.ar\/diario\/wp-json\/wp\/v2\/tags?post=16055"}],"curies":[{"name":"wp","href":"https:\/\/api.w.org\/{rel}","templated":true}]}}