{"id":16111,"date":"2020-10-03T21:52:10","date_gmt":"2020-10-04T00:52:10","guid":{"rendered":"https:\/\/guiadenoticias.com.ar\/diario\/?p=16111"},"modified":"2020-10-03T21:52:10","modified_gmt":"2020-10-04T00:52:10","slug":"tres-de-febrero-lanzo-el-primer-mercado-virtual","status":"publish","type":"post","link":"https:\/\/guiadenoticias.com.ar\/diario\/tres-de-febrero-lanzo-el-primer-mercado-virtual\/","title":{"rendered":"Tres de Febrero lanz\u00f3 el primer mercado virtual"},"content":{"rendered":"<p>Con la reciente actualizaci\u00f3n, el sitio \u201c<strong>Compr\u00e1 en 3F<\/strong>\u201d se transform\u00f3 en el primer mercado digital de Tres de Febrero. Es otra de las iniciativas que lleva adelante la Municipalidad para acompa\u00f1ar a los comerciantes y se suma a otras ciudades del mundo que ya implementaron este sistema.<\/p>\n<p>\u201cEs la primera experiencia de shopping virtual municipal, donde el Estado es impulsor y facilitador del comercio local\u201d, expres\u00f3 el <strong>intendente Diego Valenzuela<\/strong>. \u201cEsta es una nueva muestra del trabajo sostenido, que ya venimos haciendo hace cuatro a\u00f1os, para progresar como distrito y para apoyar y fortalecer a los comerciantes de <strong>Tres de Febrero<\/strong>\u201d, se\u00f1al\u00f3.<\/p>\n<p>En experiencias como la de C\u00f3rdoba, Rosario, varias ciudades de Espa\u00f1a e incluso Jerusal\u00e9n, esta interfaz provee un espacio abierto y de calidad, y le permite a los negocios crear su tienda con carrito de compras de manera totalmente gratuita, publicitarla y realizar ventas con tarjeta sin costo alguno. Adem\u00e1s, ofrece asistencia gratuita para quienes no tengan conocimiento sobre c\u00f3mo desarrollar, manejar o utilizar un sitio web. Tambi\u00e9n sirve para conectarla con quienes ya tienen una p\u00e1gina virtual de venta.<\/p>\n<p>Los vecinos podr\u00e1n comprar directamente desde el sitio ayudando a reactivar la econom\u00eda local y tendr\u00e1n menor costo de env\u00edo por la cercan\u00eda. Quienes naveguen por la plataforma podr\u00e1n filtrar sus b\u00fasquedas por categor\u00edas, rubros o barrios y encontrar\u00e1n con facilidad las redes sociales de cada uno. Todos pueden registrarse y ser parte de la comunidad para comprar de manera segura y f\u00e1cil.<\/p>\n<p>El sitio llega en un momento en el que las compras digitales se consolidan en un contexto de pandemia. \u201cAdquirimos cada vez m\u00e1s el h\u00e1bito del e-commerce, por eso buscamos ofrecer nuevas herramientas que promuevan las compras y darle trabajo a quienes viven en el distrito\u201d, explic\u00f3 el intendente sobre esta iniciativa que cuenta con el apoyo de asociaciones de comerciantes.<\/p>\n","protected":false},"excerpt":{"rendered":"<p>Con la reciente actualizaci\u00f3n, el sitio \u201cCompr\u00e1 en 3F\u201d se transform\u00f3 en el primer mercado digital de Tres de Febrero. Es otra de las iniciativas que lleva adelante la Municipalidad para acompa\u00f1ar a los comerciantes y se suma a otras ciudades del mundo que ya implementaron este sistema. \u201cEs la primera experiencia de shopping virtual [&hellip;]<\/p>\n","protected":false},"author":1,"featured_media":16112,"comment_status":"closed","ping_status":"open","sticky":false,"template":"","format":"standard","meta":{"footnotes":""},"categories":[49,20,26],"tags":[72],"class_list":{"0":"post-16111","1":"post","2":"type-post","3":"status-publish","4":"format-standard","5":"has-post-thumbnail","7":"category-economia-y-gremiales","8":"category-municipios","9":"category-tres-de-febrero","10":"tag-diego-valenzuela"},"aioseo_notices":[],"_links":{"self":[{"href":"https:\/\/guiadenoticias.com.ar\/diario\/wp-json\/wp\/v2\/posts\/16111","targetHints":{"allow":["GET"]}}],"collection":[{"href":"https:\/\/guiadenoticias.com.ar\/diario\/wp-json\/wp\/v2\/posts"}],"about":[{"href":"https:\/\/guiadenoticias.com.ar\/diario\/wp-json\/wp\/v2\/types\/post"}],"author":[{"embeddable":true,"href":"https:\/\/guiadenoticias.com.ar\/diario\/wp-json\/wp\/v2\/users\/1"}],"replies":[{"embeddable":true,"href":"https:\/\/guiadenoticias.com.ar\/diario\/wp-json\/wp\/v2\/comments?post=16111"}],"version-history":[{"count":1,"href":"https:\/\/guiadenoticias.com.ar\/diario\/wp-json\/wp\/v2\/posts\/16111\/revisions"}],"predecessor-version":[{"id":16113,"href":"https:\/\/guiadenoticias.com.ar\/diario\/wp-json\/wp\/v2\/posts\/16111\/revisions\/16113"}],"wp:featuredmedia":[{"embeddable":true,"href":"https:\/\/guiadenoticias.com.ar\/diario\/wp-json\/wp\/v2\/media\/16112"}],"wp:attachment":[{"href":"https:\/\/guiadenoticias.com.ar\/diario\/wp-json\/wp\/v2\/media?parent=16111"}],"wp:term":[{"taxonomy":"category","embeddable":true,"href":"https:\/\/guiadenoticias.com.ar\/diario\/wp-json\/wp\/v2\/categories?post=16111"},{"taxonomy":"post_tag","embeddable":true,"href":"https:\/\/guiadenoticias.com.ar\/diario\/wp-json\/wp\/v2\/tags?post=16111"}],"curies":[{"name":"wp","href":"https:\/\/api.w.org\/{rel}","templated":true}]}}