{"id":16151,"date":"2020-10-08T02:30:07","date_gmt":"2020-10-08T05:30:07","guid":{"rendered":"https:\/\/guiadenoticias.com.ar\/diario\/?p=16151"},"modified":"2020-10-08T02:30:07","modified_gmt":"2020-10-08T05:30:07","slug":"casi-sobre-el-cierre-de-2020-aprobaron-rendicion-de-cuentas-2019","status":"publish","type":"post","link":"https:\/\/guiadenoticias.com.ar\/diario\/casi-sobre-el-cierre-de-2020-aprobaron-rendicion-de-cuentas-2019\/","title":{"rendered":"Casi sobre el cierre de 2020, aprobaron Rendici\u00f3n de Cuentas 2019"},"content":{"rendered":"<p>En una extensa, presencial y poco difundida sesi\u00f3n, el <strong>Concejo Deliberante de Vicente L\u00f3pez<\/strong> trat\u00f3 la <strong>Rendici\u00f3n de Cuentas<\/strong> del ejercicio 2019. En ese sentido, el dictamen de mayor\u00eda obtuvo 14 votos afirmativos de Juntos por el Cambio y fue rechazado por 8 ediles del PJ &#8211; Frente de Todos y Marcelo Chocarro.<\/p>\n<p>Mientras que la oposici\u00f3n realiz\u00f3 m\u00faltiples objeciones y denunci\u00f3 subejecuci\u00f3n y poca transparencia, el miembro informante del oficialismo, Diego Enrich, se\u00f1al\u00f3, \u201cpensamos que como municipio debemos tener prioridades. Programas con continuidad con el paso de los a\u00f1os\u201d, y arremeti\u00f3, \u201cseg\u00fan c\u00f3mo diga las cosas, puedo transformarlas en sospecha continua o en una gesti\u00f3n din\u00e1mica. Cuando tiramos cosas ligeramente generamos m\u00e1s tensiones que las necesarias\u201d.<\/p>\n<p>\u201cLo que no se puede discutir es que al final del camino, quienes nos tienen que decir si hicimos bien o mal las cosas, no dicen que nos equivocamos, que robamos. Nuestra tranquilidad es ese voto que pone el vecino en las urnas desde 2011\u201d, remat\u00f3.<\/p>\n<p>Entre las voces cr\u00edticas, Julio Ceresa repas\u00f3 n\u00fameros. Mencion\u00f3 que 4.100 millones de pesos se destinan a personal y gran parte de los fondos restantes se erogan mediante compras directas. Quedaron asimismo bajo la lupa las pr\u00f3rrogas de contrato con Transporte Olivos, encargada de la recolecci\u00f3n de basura.<\/p>\n<p>Desde la bancada apuntaron tambi\u00e9n a la ampliaci\u00f3n presupuestaria, que pas\u00f3 de 8 mil millones a 10 mil millones. Adem\u00e1s, una vez m\u00e1s preguntaron c\u00f3mo es la situaci\u00f3n del plazo fijo del municipio, del cual, en apariencia, poco se informa.<\/p>\n<p>Por su parte, Joaqu\u00edn Noya comunic\u00f3 posteriormente en redes sociales. \u201c\u00bfQu\u00e9 pas\u00f3 con los 316 millones de pesos de Desarrollo Social? No figuran en el informe anual del Departamento Ejecutivo\u201d, y \u201c332 millones no se utilizaron en 2019, son fondos que se podr\u00edan haber destinado para la construcci\u00f3n de Casas de Abrigos y jardines municipales\u201d.<\/p>\n<p>\u201cPor qu\u00e9 el ex-vicepresidente del Grupo Bapro cobr\u00f3 en 2019 un mill\u00f3n de pesos al a\u00f1o c\u00f3mo asesor del municipio\u201d, se pregunt\u00f3 el edil, y carg\u00f3 tambi\u00e9n contra una tasa que existe en varios distritos: \u201cEl municipio sigue cobrado un impuesto que es inconstitucional, la Tasa Vial\u201d.<\/p>\n","protected":false},"excerpt":{"rendered":"<p>En una extensa, presencial y poco difundida sesi\u00f3n, el Concejo Deliberante de Vicente L\u00f3pez trat\u00f3 la Rendici\u00f3n de Cuentas del ejercicio 2019. En ese sentido, el dictamen de mayor\u00eda obtuvo 14 votos afirmativos de Juntos por el Cambio y fue rechazado por 8 ediles del PJ &#8211; Frente de Todos y Marcelo Chocarro. Mientras que [&hellip;]<\/p>\n","protected":false},"author":1,"featured_media":16152,"comment_status":"closed","ping_status":"open","sticky":false,"template":"","format":"standard","meta":{"footnotes":""},"categories":[49,20,48,25],"tags":[71],"class_list":{"0":"post-16151","1":"post","2":"type-post","3":"status-publish","4":"format-standard","5":"has-post-thumbnail","7":"category-economia-y-gremiales","8":"category-municipios","9":"category-politica-argentina","10":"category-vicente-lopez","11":"tag-jorge-macri"},"aioseo_notices":[],"_links":{"self":[{"href":"https:\/\/guiadenoticias.com.ar\/diario\/wp-json\/wp\/v2\/posts\/16151","targetHints":{"allow":["GET"]}}],"collection":[{"href":"https:\/\/guiadenoticias.com.ar\/diario\/wp-json\/wp\/v2\/posts"}],"about":[{"href":"https:\/\/guiadenoticias.com.ar\/diario\/wp-json\/wp\/v2\/types\/post"}],"author":[{"embeddable":true,"href":"https:\/\/guiadenoticias.com.ar\/diario\/wp-json\/wp\/v2\/users\/1"}],"replies":[{"embeddable":true,"href":"https:\/\/guiadenoticias.com.ar\/diario\/wp-json\/wp\/v2\/comments?post=16151"}],"version-history":[{"count":1,"href":"https:\/\/guiadenoticias.com.ar\/diario\/wp-json\/wp\/v2\/posts\/16151\/revisions"}],"predecessor-version":[{"id":16153,"href":"https:\/\/guiadenoticias.com.ar\/diario\/wp-json\/wp\/v2\/posts\/16151\/revisions\/16153"}],"wp:featuredmedia":[{"embeddable":true,"href":"https:\/\/guiadenoticias.com.ar\/diario\/wp-json\/wp\/v2\/media\/16152"}],"wp:attachment":[{"href":"https:\/\/guiadenoticias.com.ar\/diario\/wp-json\/wp\/v2\/media?parent=16151"}],"wp:term":[{"taxonomy":"category","embeddable":true,"href":"https:\/\/guiadenoticias.com.ar\/diario\/wp-json\/wp\/v2\/categories?post=16151"},{"taxonomy":"post_tag","embeddable":true,"href":"https:\/\/guiadenoticias.com.ar\/diario\/wp-json\/wp\/v2\/tags?post=16151"}],"curies":[{"name":"wp","href":"https:\/\/api.w.org\/{rel}","templated":true}]}}