{"id":1617,"date":"2016-04-12T02:36:49","date_gmt":"2016-04-12T05:36:49","guid":{"rendered":"http:\/\/guiadenoticias.com.ar\/diario\/?p=1617"},"modified":"2016-04-12T14:21:38","modified_gmt":"2016-04-12T17:21:38","slug":"siguen-las-medidas-de-fuerza-de-los-bancarios","status":"publish","type":"post","link":"https:\/\/guiadenoticias.com.ar\/diario\/siguen-las-medidas-de-fuerza-de-los-bancarios\/","title":{"rendered":"Siguen las medidas de fuerza de los Bancarios"},"content":{"rendered":"<p>El panorama laboral de los trabajadores bancarios empeora cada d\u00eda. Jorge Deantoni, delegado regional de San Mart\u00edn y Tres de Febrero de La Bancaria, hizo un balance del paro de 24 horas, el mi\u00e9rcoles pasado, en el Banco Provincia, y anticip\u00f3 la medida de fuerza para el 14 de abril.<\/p>\n<p>Coment\u00f3 que \u201cfue un paro muy importante, con gran acatamiento como no conoce la historia del Banco, en sus 194 a\u00f1os, esto tiene que ver con que el tema al que se anim\u00f3 a abordar el directorio cort\u00f3 trasversalmente a todo el personal y unific\u00f3 a todos los sectores del banco, que por primera vez acataron la medida la comisi\u00f3n gremial interna, con la organizaci\u00f3n gremial que es La Bancaria, y todas las agrupaciones pol\u00edticas sindicales\u201d.<\/p>\n<p>Los reclamos: intento de privatizar servicios de la banca p\u00fablica y destrucci\u00f3n de la carrera. En ese sentido, Deantoni mencion\u00f3 que \u201cel primer paso que dio el directorio fue no renovar los convenios con universidades, donde los compa\u00f1eros hac\u00edan la carrera bancaria y alcanzaban su profesionalizaci\u00f3n\u201d.<\/p>\n<p>Pero el punto m\u00e1s \u00e1lgido es la designaci\u00f3n de Jorge Allen como gerente general. \u201cEl argumento del directorio es falaz, porque dice que los miembros de la Gerencia General, que son nueve, cuatro se jubilaban y ante ese bache de funcionarios, deb\u00edan recurrir a alguien de afuera del banco. Eso y decir que subestiman y desestiman la capacidad de decenas de funcionarios que estaban en condiciones de acceder a ese cargo, es lo mismo\u201d, explic\u00f3.<\/p>\n<p>No fue lo \u00fanico que dijo de Allen: \u201cEs un hombre que profesa la ideolog\u00eda en t\u00e9rminos econ\u00f3micos de este Gobierno. No me da ninguna garant\u00eda de preservar el banco p\u00fablico al servicio del pueblo de la Provincia. Un hombre que viene de la banca privada \u2013 el Franc\u00e9s \u2013 no me da ninguna garant\u00eda\u201d.<\/p>\n<p>Fue m\u00e1s lejos al poner sobre la mesa la existencia de un sumario en su contra. \u201cMucho menos me da garant\u00edas de ejemplaridad nombrar a un hombre que no tiene un pasado decoroso como funcionario. Est\u00e1 re\u00f1ido con la \u00e9tica\u201d. Allen tuvo un sumario con resoluci\u00f3n en 2015 por una intervenci\u00f3n en el Plan Rombo que no era la que indicaba el procedimiento.<\/p>\n<p>El gremialista adelant\u00f3, \u201cahora vamos a circunscribir este conflicto en la medida de fuerza del 14 de abril. Paro de 24 horas con asistencia al lugar de trabajo\u201d.<\/p>\n<p>Punte\u00f3 los ejes del reclamo: la reincorporaci\u00f3n de los 47 empleados del Banco Central, 7 del Banco Provincia, la tutela de los puestos de trabajo del Citi y del Hipotecario (cerraron rama del ProCrear). \u201cEl otro punto que llevamos como reclamo es la eliminaci\u00f3n del impuesto a las Ganancias, tal cual lo plante\u00f3 en campa\u00f1a Macri, y la discusi\u00f3n paritaria, que no hubo hasta ahora un comportamiento serio de la patronal\u201d. Como ya public\u00f3 Gu\u00eda de Noticias, La Bancaria avis\u00f3 que no va a firmar un alza menor al 30 por ciento.<\/p>\n<p>Deantoni agreg\u00f3 que \u201cen las dos audiencias que hubo, la propuesta que trajeron era regresiva; se pon\u00eda en discusi\u00f3n lo que se hab\u00eda acordado con el gobierno anterior, que es el D\u00eda del Bancario y el \u00edtem por productividad. Pr\u00e1cticamente nos ofrecen bajar el salario\u201d.<\/p>\n<p>\u201cMe preocupa mucho lo que el ministro de Econom\u00eda dijo en su momento, que los dirigentes gremiales debemos agudizar nuestro ingenio a los efectos de preservar las fuentes de trabajo. Nos estaba diciendo que no pidamos aumentos porque podemos terminar en la calle. Y nosotros vamos a dar la discusi\u00f3n\u201d, concluy\u00f3.<\/p>\n","protected":false},"excerpt":{"rendered":"<p>El panorama laboral de los trabajadores bancarios empeora cada d\u00eda. Jorge Deantoni, delegado regional de San Mart\u00edn y Tres de Febrero de La Bancaria, hizo un balance del paro de 24 horas, el mi\u00e9rcoles pasado, en el Banco Provincia, y anticip\u00f3 la medida de fuerza para el 14 de abril. Coment\u00f3 que \u201cfue un paro [&hellip;]<\/p>\n","protected":false},"author":1,"featured_media":1618,"comment_status":"closed","ping_status":"open","sticky":false,"template":"","format":"standard","meta":{"footnotes":""},"categories":[49,48,24],"tags":[],"class_list":{"0":"post-1617","1":"post","2":"type-post","3":"status-publish","4":"format-standard","5":"has-post-thumbnail","7":"category-economia-y-gremiales","8":"category-politica-argentina","9":"category-san-martin"},"aioseo_notices":[],"_links":{"self":[{"href":"https:\/\/guiadenoticias.com.ar\/diario\/wp-json\/wp\/v2\/posts\/1617","targetHints":{"allow":["GET"]}}],"collection":[{"href":"https:\/\/guiadenoticias.com.ar\/diario\/wp-json\/wp\/v2\/posts"}],"about":[{"href":"https:\/\/guiadenoticias.com.ar\/diario\/wp-json\/wp\/v2\/types\/post"}],"author":[{"embeddable":true,"href":"https:\/\/guiadenoticias.com.ar\/diario\/wp-json\/wp\/v2\/users\/1"}],"replies":[{"embeddable":true,"href":"https:\/\/guiadenoticias.com.ar\/diario\/wp-json\/wp\/v2\/comments?post=1617"}],"version-history":[{"count":6,"href":"https:\/\/guiadenoticias.com.ar\/diario\/wp-json\/wp\/v2\/posts\/1617\/revisions"}],"predecessor-version":[{"id":1626,"href":"https:\/\/guiadenoticias.com.ar\/diario\/wp-json\/wp\/v2\/posts\/1617\/revisions\/1626"}],"wp:featuredmedia":[{"embeddable":true,"href":"https:\/\/guiadenoticias.com.ar\/diario\/wp-json\/wp\/v2\/media\/1618"}],"wp:attachment":[{"href":"https:\/\/guiadenoticias.com.ar\/diario\/wp-json\/wp\/v2\/media?parent=1617"}],"wp:term":[{"taxonomy":"category","embeddable":true,"href":"https:\/\/guiadenoticias.com.ar\/diario\/wp-json\/wp\/v2\/categories?post=1617"},{"taxonomy":"post_tag","embeddable":true,"href":"https:\/\/guiadenoticias.com.ar\/diario\/wp-json\/wp\/v2\/tags?post=1617"}],"curies":[{"name":"wp","href":"https:\/\/api.w.org\/{rel}","templated":true}]}}