{"id":16183,"date":"2020-10-12T21:03:34","date_gmt":"2020-10-13T00:03:34","guid":{"rendered":"https:\/\/guiadenoticias.com.ar\/diario\/?p=16183"},"modified":"2020-10-12T21:03:34","modified_gmt":"2020-10-13T00:03:34","slug":"tiene-fecha-el-arranque-del-sem-3f","status":"publish","type":"post","link":"https:\/\/guiadenoticias.com.ar\/diario\/tiene-fecha-el-arranque-del-sem-3f\/","title":{"rendered":"Tiene fecha el arranque del SEM 3F"},"content":{"rendered":"<p><strong>Diego Valenzuela, intendente de Tres de Febrero<\/strong>, anunci\u00f3 la implementaci\u00f3n del <strong>Sistema de Estacionamiento Medido (SEM)<\/strong> con el objetivo de reordenar el tr\u00e1nsito y mejorar la convivencia en la v\u00eda p\u00fablica. Comenzar\u00e1 a funcionar desde el 9 de noviembre, en los <strong>centros comerciales de Caseros, Ciudadela, Santos Lugares y S\u00e1enz Pe\u00f1a<\/strong>.<\/p>\n<p>El sistema, desarrollado por la <strong>Universidad Nacional de la Plata (UNLP)<\/strong>, es simple y transparente, y tuvo experiencias positivas en municipios como San Mart\u00edn, Mor\u00f3n, La Matanza y San Miguel.<\/p>\n<p>\u201cEn el marco del <strong>Plan Urbano Estrat\u00e9gico<\/strong>, decidimos incorporar el SEM que apunta a organizar el tr\u00e1nsito con el beneficio de costos m\u00ednimos y una operatoria \u00e1gil, moderna y transparente\u201d, explic\u00f3 el jefe comunal.<\/p>\n<p>En principio tendr\u00e1 un costo de 22 pesos la hora &#8211; pasada la primera hora, se fracciona cada 30 minutos &#8211; , de lunes a viernes de 8 a 20 horas. Fuera de ese horario el estacionamiento es gratuito. Y permitir\u00e1 la creaci\u00f3n de 50 puestos de trabajo. Seg\u00fan informaron, la recaudaci\u00f3n del SEM volver\u00e1 en obras para mejorar los centros comerciales y fortalecer la actividad comercial.<\/p>\n<p>Este nuevo sistema permite pagar el estacionamiento a trav\u00e9s de la aplicaci\u00f3n de celular SEM Tres de Febrero o en los Puntos de Venta en comercios adheridos.<\/p>\n<p>Inspectores recorrer\u00e1n la zona de Estacionamiento Medido con un dispositivo m\u00f3vil para verificar si cada veh\u00edculo tiene carga v\u00e1lida en curso. En caso contrario, labrar\u00e1 el comprobante fiscal para registrar la infracci\u00f3n en el sistema. Tambi\u00e9n dejar\u00e1 un comprobante de la infracci\u00f3n en el veh\u00edculo.<\/p>\n<p>La infracci\u00f3n tiene un costo de 3.375 pesos. Si se realiza un pago voluntario, el conductor tendr\u00e1 un 75% de descuento en las primeras 72 horas y un 60% dentro de los primeros 5 d\u00edas h\u00e1biles contados desde el vencimiento del primer plazo.<\/p>\n<p>Por otro lado, los frentistas con garaje de la zona comprendida por el SEM tienen que realizar el tr\u00e1mite para registrarse y as\u00ed permitirles estacionar gratuitamente frente a su inmueble, en la calle.<\/p>\n","protected":false},"excerpt":{"rendered":"<p>Diego Valenzuela, intendente de Tres de Febrero, anunci\u00f3 la implementaci\u00f3n del Sistema de Estacionamiento Medido (SEM) con el objetivo de reordenar el tr\u00e1nsito y mejorar la convivencia en la v\u00eda p\u00fablica. Comenzar\u00e1 a funcionar desde el 9 de noviembre, en los centros comerciales de Caseros, Ciudadela, Santos Lugares y S\u00e1enz Pe\u00f1a. El sistema, desarrollado por [&hellip;]<\/p>\n","protected":false},"author":1,"featured_media":16184,"comment_status":"closed","ping_status":"open","sticky":false,"template":"","format":"standard","meta":{"footnotes":""},"categories":[20,26],"tags":[72],"class_list":{"0":"post-16183","1":"post","2":"type-post","3":"status-publish","4":"format-standard","5":"has-post-thumbnail","7":"category-municipios","8":"category-tres-de-febrero","9":"tag-diego-valenzuela"},"aioseo_notices":[],"_links":{"self":[{"href":"https:\/\/guiadenoticias.com.ar\/diario\/wp-json\/wp\/v2\/posts\/16183","targetHints":{"allow":["GET"]}}],"collection":[{"href":"https:\/\/guiadenoticias.com.ar\/diario\/wp-json\/wp\/v2\/posts"}],"about":[{"href":"https:\/\/guiadenoticias.com.ar\/diario\/wp-json\/wp\/v2\/types\/post"}],"author":[{"embeddable":true,"href":"https:\/\/guiadenoticias.com.ar\/diario\/wp-json\/wp\/v2\/users\/1"}],"replies":[{"embeddable":true,"href":"https:\/\/guiadenoticias.com.ar\/diario\/wp-json\/wp\/v2\/comments?post=16183"}],"version-history":[{"count":1,"href":"https:\/\/guiadenoticias.com.ar\/diario\/wp-json\/wp\/v2\/posts\/16183\/revisions"}],"predecessor-version":[{"id":16185,"href":"https:\/\/guiadenoticias.com.ar\/diario\/wp-json\/wp\/v2\/posts\/16183\/revisions\/16185"}],"wp:featuredmedia":[{"embeddable":true,"href":"https:\/\/guiadenoticias.com.ar\/diario\/wp-json\/wp\/v2\/media\/16184"}],"wp:attachment":[{"href":"https:\/\/guiadenoticias.com.ar\/diario\/wp-json\/wp\/v2\/media?parent=16183"}],"wp:term":[{"taxonomy":"category","embeddable":true,"href":"https:\/\/guiadenoticias.com.ar\/diario\/wp-json\/wp\/v2\/categories?post=16183"},{"taxonomy":"post_tag","embeddable":true,"href":"https:\/\/guiadenoticias.com.ar\/diario\/wp-json\/wp\/v2\/tags?post=16183"}],"curies":[{"name":"wp","href":"https:\/\/api.w.org\/{rel}","templated":true}]}}