{"id":16212,"date":"2020-10-14T23:35:19","date_gmt":"2020-10-15T02:35:19","guid":{"rendered":"https:\/\/guiadenoticias.com.ar\/diario\/?p=16212"},"modified":"2020-10-14T23:35:19","modified_gmt":"2020-10-15T02:35:19","slug":"proyectos-de-concejales-del-frente-de-todos-pj","status":"publish","type":"post","link":"https:\/\/guiadenoticias.com.ar\/diario\/proyectos-de-concejales-del-frente-de-todos-pj\/","title":{"rendered":"Proyectos de concejales del Frente de Todos \u2013 PJ"},"content":{"rendered":"<p>Tuvo lugar la d\u00e9cimo primera sesi\u00f3n ordinaria del <strong>Concejo Deliberante de Tres de Febrero<\/strong>. Entre los proyectos ingresados por el <strong>bloque Frente de Todos &#8211; PJ<\/strong> se destacaron la adhesi\u00f3n a la plataforma de infraestructura de datos espaciales de Provincia, que permitir\u00e1 a la ciudadan\u00eda acceder a datos georreferenciados de informaci\u00f3n sobre la comunidad, territorio y medio.<\/p>\n<p>Adem\u00e1s, la declaraci\u00f3n de Inter\u00e9s Legislativo y Municipal al proyecto \u00abConectando\u201d, de la Red Federal de TGD Padres Tea y la ONG Red Reciclar; un proyecto para declarar como vecinos destacados a referentes comunitarios que realizan una labor esencial para asistir a la poblaci\u00f3n vulnerable del distrito; otro para crear un reconocimiento de Distinci\u00f3n Comunitaria a nivel local para aquellos vecinos que trabajen por el bienestar de la comunidad.<\/p>\n<p>El bloque present\u00f3 asimismo la declaraci\u00f3n de Inter\u00e9s Legislativo del Plan bonaerense de Suelo, Vivienda y H\u00e1bitat 2020-2023; el benepl\u00e1cito a la iniciativa de modificaci\u00f3n de la ley de manejo de fuego, impulsada a nivel nacional por el diputado M\u00e1ximo Kirchner; y el benepl\u00e1cito a la media sanci\u00f3n del proyecto de ley que tiene como objetivo implementar estrategias de contenci\u00f3n, prevenci\u00f3n y erradicaci\u00f3n del grooming en el \u00e1mbito educativo.<\/p>\n<p>Por otro lado, ingres\u00f3 un proyecto para eximir el pago de la tasa por ocupaci\u00f3n del espacio p\u00fablico de mesas y silla de bares y restaurantes durante la pandemia Covid-19; junto con dos pedidos de informes, uno acerca de la presencia de un lote de pur\u00e9 de tomate en mal estado que form\u00f3 parte de la entrega del Sistema Alimentario Escolar y otro sobre el estado de los fondos destinados al programa de Responsabilidad Social Compartida &#8211; Envi\u00f3n.<\/p>\n<p>Todos &#8211; PJ acompa\u00f1\u00f3 la homologaci\u00f3n del convenio firmado entre Aysa, a trav\u00e9s de su presidente, Malena Massa, y la Municipalidad de Tres de Febrero, que permitir\u00e1 reparar las cloacas y agua corriente del Barrio Ej\u00e9rcito de los Andes y Barrio La Esperanza, y terminar con el tendido para la totalidad del distrito.<\/p>\n<p>Tambi\u00e9n, en dicho encuentro aprobaron distintos despachos de comisi\u00f3n, entre los que se encuentra declaraci\u00f3n de Inter\u00e9s Legislativo del cent\u00e9simo aniversario de la creaci\u00f3n de la Asociaci\u00f3n Cultural y Biblioteca Popular Mariano Moreno y la solicitud de la colocaci\u00f3n de la Bandera Nacional en todas las plazas del distrito.<\/p>\n<p>Adem\u00e1s, se aprob\u00f3 un despacho que adhiere a la ley provincial de asociaciones civiles, que declara de inter\u00e9s p\u00fablico a clubes de barrio, centros de jubilados, jardines comunitarios, sociedades de fomento, centros culturales, asociaciones de migrantes y organizaciones comunitarias en general y permitir\u00e1 que la mayor\u00eda de ellas puedan regularizar su situaci\u00f3n jur\u00eddica y a su vez aprovechar el gran abanico de posibilidades que el Estado brinda a trav\u00e9s de diversos programas que se llevan adelante desde las distintas carteras nacionales y provinciales.<\/p>\n","protected":false},"excerpt":{"rendered":"<p>Tuvo lugar la d\u00e9cimo primera sesi\u00f3n ordinaria del Concejo Deliberante de Tres de Febrero. Entre los proyectos ingresados por el bloque Frente de Todos &#8211; PJ se destacaron la adhesi\u00f3n a la plataforma de infraestructura de datos espaciales de Provincia, que permitir\u00e1 a la ciudadan\u00eda acceder a datos georreferenciados de informaci\u00f3n sobre la comunidad, territorio [&hellip;]<\/p>\n","protected":false},"author":1,"featured_media":16213,"comment_status":"closed","ping_status":"open","sticky":false,"template":"","format":"standard","meta":{"footnotes":""},"categories":[20,48,26],"tags":[],"class_list":{"0":"post-16212","1":"post","2":"type-post","3":"status-publish","4":"format-standard","5":"has-post-thumbnail","7":"category-municipios","8":"category-politica-argentina","9":"category-tres-de-febrero"},"aioseo_notices":[],"_links":{"self":[{"href":"https:\/\/guiadenoticias.com.ar\/diario\/wp-json\/wp\/v2\/posts\/16212","targetHints":{"allow":["GET"]}}],"collection":[{"href":"https:\/\/guiadenoticias.com.ar\/diario\/wp-json\/wp\/v2\/posts"}],"about":[{"href":"https:\/\/guiadenoticias.com.ar\/diario\/wp-json\/wp\/v2\/types\/post"}],"author":[{"embeddable":true,"href":"https:\/\/guiadenoticias.com.ar\/diario\/wp-json\/wp\/v2\/users\/1"}],"replies":[{"embeddable":true,"href":"https:\/\/guiadenoticias.com.ar\/diario\/wp-json\/wp\/v2\/comments?post=16212"}],"version-history":[{"count":1,"href":"https:\/\/guiadenoticias.com.ar\/diario\/wp-json\/wp\/v2\/posts\/16212\/revisions"}],"predecessor-version":[{"id":16214,"href":"https:\/\/guiadenoticias.com.ar\/diario\/wp-json\/wp\/v2\/posts\/16212\/revisions\/16214"}],"wp:featuredmedia":[{"embeddable":true,"href":"https:\/\/guiadenoticias.com.ar\/diario\/wp-json\/wp\/v2\/media\/16213"}],"wp:attachment":[{"href":"https:\/\/guiadenoticias.com.ar\/diario\/wp-json\/wp\/v2\/media?parent=16212"}],"wp:term":[{"taxonomy":"category","embeddable":true,"href":"https:\/\/guiadenoticias.com.ar\/diario\/wp-json\/wp\/v2\/categories?post=16212"},{"taxonomy":"post_tag","embeddable":true,"href":"https:\/\/guiadenoticias.com.ar\/diario\/wp-json\/wp\/v2\/tags?post=16212"}],"curies":[{"name":"wp","href":"https:\/\/api.w.org\/{rel}","templated":true}]}}