{"id":16264,"date":"2020-10-22T15:28:16","date_gmt":"2020-10-22T18:28:16","guid":{"rendered":"https:\/\/guiadenoticias.com.ar\/diario\/?p=16264"},"modified":"2020-10-22T15:28:16","modified_gmt":"2020-10-22T18:28:16","slug":"primera-parte-valenzuela-hay-que-evitar-rebrotes-del-covid","status":"publish","type":"post","link":"https:\/\/guiadenoticias.com.ar\/diario\/primera-parte-valenzuela-hay-que-evitar-rebrotes-del-covid\/","title":{"rendered":"Primera parte \u2013 Valenzuela: \u201cHay que evitar rebrotes del Covid\u201d"},"content":{"rendered":"<p>El <strong>intendente de Tres de Febrero, Diego Valenzuela<\/strong>, dialog\u00f3 en exclusiva con <strong>Gu\u00eda de Noticias<\/strong>. En el tramo final de un a\u00f1o inaudito, realiz\u00f3 un primer an\u00e1lisis del manejo local de la <strong>pandemia \u2013 cuarentena<\/strong>, a la vez que repas\u00f3 algunas de las principales acciones que desarrolla hoy el municipio.<\/p>\n<p>\u201cBuscamos un equilibrio entre salud y trabajo. La realidad nos ense\u00f1\u00f3 a convivir con el virus, cuidarnos y tomar protocolos\u201d, comenz\u00f3 su balance, y aclar\u00f3 que \u201cla pandemia por el <strong>Covid 19<\/strong> no termin\u00f3, no hay que bajar los brazos ni relajarse\u201d. Inform\u00f3 asimismo que \u201clos casos est\u00e1n bajando, hay una tasa de duplicaci\u00f3n que est\u00e1 en m\u00e1s de cien d\u00edas, cuando lleg\u00f3 a estar en once\u201d; a la fecha se contabilizan m\u00e1s de 600 casos activos.<\/p>\n<p>El jefe comunal reconoci\u00f3 que \u201cla pandemia se extendi\u00f3 m\u00e1s de lo que imagin\u00e1bamos al comienzo. Hoy, la situaci\u00f3n en todo el pa\u00eds es bastante cr\u00edtica, el nivel de contagios y fallecidos nos pone en un lugar delicado; a la vez, la cuarentena se alarg\u00f3 complicando la econom\u00eda y el trabajo. Creo que la cuarentena fue buena, quiz\u00e1 se extendi\u00f3 demasiado\u201d.<\/p>\n<p>Y puso en la mira a la gesti\u00f3n de <strong>Axel Kicillof<\/strong>: \u201cHubo aperturas y bajaron los casos, no era cierto lo que ven\u00eda de Provincia\u201d. En ese sentido, record\u00f3, \u201cen Tres de Febrero fuimos pioneros en el planteo de aprender a convivir con el virus, fomentar el uso de tapabocas, la distancia social, las aperturas controladas\u201d. Uno de los aspectos pendientes de resoluci\u00f3n es el educativo, en ese punto desde el distrito hay tambi\u00e9n una posici\u00f3n aperturista con cuidados, \u201cestamos en di\u00e1logo con Provincia para ver si podemos hacer algo presencial antes de fin de a\u00f1o\u201d.<\/p>\n<p>Consultado por este portal sobre la proyecci\u00f3n respecto al coronavirus, el intendente coment\u00f3: \u201cLa Mesa Epidemiol\u00f3gica Sanitaria de Tres de Febrero debate hoy c\u00f3mo es la situaci\u00f3n actual, cuya curva est\u00e1 en un descenso persistente y paulatino\u201d.<\/p>\n<p>\u201cHay que evitar rebrotes, que podr\u00edan venir porque nos manejemos mal en el verano, por ejemplo, que los j\u00f3venes no tomen recaudos. Es muy importante en esta etapa que reflexionemos sobre qu\u00e9 cosa puede hacer cada uno para evitar la vuelta atr\u00e1s. Estamos definiendo c\u00f3mo va a ser el verano en el distrito, no podemos tener carnavales, pero debemos organizar la salida de la gente que no se va a poder ir de vacaciones; no tendremos la colonia de siempre, pero habr\u00e1 alguna actividad con protocolo\u201d.<\/p>\n<p>LOS N\u00daMEROS<\/p>\n<p>El <strong>municipio de Tres de Febrero<\/strong> afronta, en sinton\u00eda con los distritos vecinos de la regi\u00f3n, un deterioro de las arcas, y la reactivaci\u00f3n industrial y comercial es una clave de la recuperaci\u00f3n.<\/p>\n<p>Valenzuela lo tiene presente, no s\u00f3lo como jefe comunal, sino tambi\u00e9n como hombre formado en Econ\u00f3micas. \u201cClaramente, durante la cuarentena estricta los ingresos cayeron mucho, entre marzo y mayo fue la etapa m\u00e1s dif\u00edcil por el cierre de empresas y comercios; desde entonces fuimos recuperando, pero en un marco de crisis. El esfuerzo que hacemos es para sostener el empleo\u201d.<\/p>\n<p>Adem\u00e1s, mencion\u00f3, \u201ctuvimos alguna asistencia de <strong>Naci\u00f3n y Provincia<\/strong>, con quien estamos en la discusi\u00f3n sobre los fondos que deber\u00edan coparticiparse. Tenemos un fondo Covid, que hablamos con el gobernador porque s\u00f3lo se entreg\u00f3 en municipios gobernados por el Frente de Todos; son 1500 millones de pesos que vienen por ATN de Naci\u00f3n, y el gobernador dijo que iba a considerar incluirnos\u201d. Distinta es la relaci\u00f3n con otras \u00e1reas del gobierno nacional, \u201cretomamos obras, especialmente con dinero de convenios como <strong>Argentina Hace<\/strong>, con el Ministerio de Obras P\u00fablicas\u201d.<\/p>\n<p>Relacionado con el c\u00e1lculo de recursos y gastos para el pr\u00f3ximo a\u00f1o, el intendente indic\u00f3 a Gu\u00eda de Noticias, \u201carmamos el Presupuesto 2021 con la precariedad de variables que no est\u00e1n claras, aun as\u00ed, lo tenemos que hacer porque no podemos estar dos a\u00f1os sin presupuesto. A fines de octubre mandaremos la propuesta al Concejo Deliberante\u201d. Por otro lado, admiti\u00f3, \u201chay que cerrar un presupuesto 2020, que en realidad ya es ejecutado con alg\u00fan mes m\u00e1s proyectado. En su momento era imposible de hacer por la incertidumbre econ\u00f3mica\u201d.<\/p>\n<p>En los \u00faltimos meses, la gesti\u00f3n de <strong>Juntos por el Cambio<\/strong> llev\u00f3 adelante la licitaci\u00f3n del servicio de higiene urbana. Respecto al tema, Valenzuela se\u00f1al\u00f3 que \u201cpriorizamos un mejor servicio, con la misma cantidad de dinero, o menos, cuidando al personal. Conversamos tambi\u00e9n con el Sindicato de Camioneros, que es protagonista cotidiano del servicio\u201d.<\/p>\n<p>Concluy\u00f3, \u201clogramos que en el nuevo contrato haya mayor capacidad de control, tenemos barrido en todo el distrito, cosa que antes no hab\u00eda, como si hubiera un ciudadanos de primera y otro de segunda. Armamos la patrulla ambiental para evitar los mont\u00edculos en las esquinas. Y existe la posibilidad el a\u00f1o que viene de empezar con pruebas pilotos de reciclaje en los barrios, una recolecci\u00f3n diferenciada domiciliaria\u201d.<\/p>\n","protected":false},"excerpt":{"rendered":"<p>El intendente de Tres de Febrero, Diego Valenzuela, dialog\u00f3 en exclusiva con Gu\u00eda de Noticias. En el tramo final de un a\u00f1o inaudito, realiz\u00f3 un primer an\u00e1lisis del manejo local de la pandemia \u2013 cuarentena, a la vez que repas\u00f3 algunas de las principales acciones que desarrolla hoy el municipio. \u201cBuscamos un equilibrio entre salud [&hellip;]<\/p>\n","protected":false},"author":1,"featured_media":16265,"comment_status":"closed","ping_status":"open","sticky":false,"template":"","format":"standard","meta":{"footnotes":""},"categories":[20,26],"tags":[83,81,72,98],"class_list":{"0":"post-16264","1":"post","2":"type-post","3":"status-publish","4":"format-standard","5":"has-post-thumbnail","7":"category-municipios","8":"category-tres-de-febrero","9":"tag-axel-kicillof","10":"tag-coronavirus","11":"tag-diego-valenzuela","12":"tag-juntos-por-el-cambio"},"aioseo_notices":[],"_links":{"self":[{"href":"https:\/\/guiadenoticias.com.ar\/diario\/wp-json\/wp\/v2\/posts\/16264","targetHints":{"allow":["GET"]}}],"collection":[{"href":"https:\/\/guiadenoticias.com.ar\/diario\/wp-json\/wp\/v2\/posts"}],"about":[{"href":"https:\/\/guiadenoticias.com.ar\/diario\/wp-json\/wp\/v2\/types\/post"}],"author":[{"embeddable":true,"href":"https:\/\/guiadenoticias.com.ar\/diario\/wp-json\/wp\/v2\/users\/1"}],"replies":[{"embeddable":true,"href":"https:\/\/guiadenoticias.com.ar\/diario\/wp-json\/wp\/v2\/comments?post=16264"}],"version-history":[{"count":1,"href":"https:\/\/guiadenoticias.com.ar\/diario\/wp-json\/wp\/v2\/posts\/16264\/revisions"}],"predecessor-version":[{"id":16266,"href":"https:\/\/guiadenoticias.com.ar\/diario\/wp-json\/wp\/v2\/posts\/16264\/revisions\/16266"}],"wp:featuredmedia":[{"embeddable":true,"href":"https:\/\/guiadenoticias.com.ar\/diario\/wp-json\/wp\/v2\/media\/16265"}],"wp:attachment":[{"href":"https:\/\/guiadenoticias.com.ar\/diario\/wp-json\/wp\/v2\/media?parent=16264"}],"wp:term":[{"taxonomy":"category","embeddable":true,"href":"https:\/\/guiadenoticias.com.ar\/diario\/wp-json\/wp\/v2\/categories?post=16264"},{"taxonomy":"post_tag","embeddable":true,"href":"https:\/\/guiadenoticias.com.ar\/diario\/wp-json\/wp\/v2\/tags?post=16264"}],"curies":[{"name":"wp","href":"https:\/\/api.w.org\/{rel}","templated":true}]}}